{"id":1545,"date":"2023-11-10T10:09:56","date_gmt":"2023-11-10T09:09:56","guid":{"rendered":"https:\/\/www.boho-moebel.de\/blog?p=1545"},"modified":"2025-04-08T12:26:36","modified_gmt":"2025-04-08T10:26:36","slug":"optimale-raumtemperatur-fuer-produktivitaet","status":"publish","type":"post","link":"https:\/\/www.boho-moebel.de\/blog\/optimale-raumtemperatur-fuer-produktivitaet","title":{"rendered":"Was ist die optimale Raumtemperatur f\u00fcr das Arbeiten?"},"content":{"rendered":"\n<p><\/p>\n\n\n\n<h2 class=\"wp-block-heading\"><strong>Die optimale Temperatur<\/strong><\/h2>\n\n\n\n<p>Laut Experten sollte die optimale Raumtemperatur zwischen 20\u00b0C und 24\u00b0C liegen. Eine solche Temperatur unterst\u00fctzt den K\u00f6rper bei der Regulierung seiner eigenen Temperatur und hilft, M\u00fcdigkeit und Ablenkung zu reduzieren. Eine Raumtemperatur von 22\u00b0C ist ideal, da sie f\u00fcr die meisten Menschen angenehm ist und die Konzentration und Produktivit\u00e4t f\u00f6rdert. So macht auch das Arbeiten an einem <a href=\"https:\/\/www.boho-moebel.de\/schreibtische\/schreibtisch-sets\/\">elektrisch h\u00f6henverstellbaren Schreibtisch von boho office\u00ae<\/a> gleich mehr Freude.<\/p>\n\n\n\n<p>Es ist jedoch wichtig zu beachten, dass die ideale Raumtemperatur f\u00fcr jeden ein wenig anders sein kann, abh\u00e4ngig von pers\u00f6nlichen Vorlieben und physiologischen Bed\u00fcrfnissen. Manche Menschen bevorzugen es k\u00fchler, w\u00e4hrend andere es w\u00e4rmer m\u00f6gen. Deshalb ist es wichtig, eine individuelle Regulierung der Raumtemperatur zu erm\u00f6glichen, z.B. durch individuell regulierbare Heizk\u00f6rper oder Klimaanlagen.<\/p>\n\n\n\n<figure class=\"wp-block-image size-large\"><img loading=\"lazy\" decoding=\"async\" width=\"1024\" height=\"663\" src=\"https:\/\/www.boho-moebel.de\/blog\/wp-content\/uploads\/welche-raumtemperatur-ist-perfekt-fuer-das-arbeiten-1024x663.jpeg\" alt=\"Optimale Raumtemperatur f\u00fcr das Arbeiten\" class=\"wp-image-1621\" title=\"Optimale Raumtemperatur f\u00fcr das Arbeiten\" srcset=\"https:\/\/www.boho-moebel.de\/blog\/wp-content\/uploads\/welche-raumtemperatur-ist-perfekt-fuer-das-arbeiten-1024x663.jpeg 1024w, https:\/\/www.boho-moebel.de\/blog\/wp-content\/uploads\/welche-raumtemperatur-ist-perfekt-fuer-das-arbeiten-300x194.jpeg 300w, https:\/\/www.boho-moebel.de\/blog\/wp-content\/uploads\/welche-raumtemperatur-ist-perfekt-fuer-das-arbeiten-768x497.jpeg 768w, https:\/\/www.boho-moebel.de\/blog\/wp-content\/uploads\/welche-raumtemperatur-ist-perfekt-fuer-das-arbeiten-1536x994.jpeg 1536w, https:\/\/www.boho-moebel.de\/blog\/wp-content\/uploads\/welche-raumtemperatur-ist-perfekt-fuer-das-arbeiten-2048x1326.jpeg 2048w\" sizes=\"auto, (max-width: 1024px) 100vw, 1024px\" \/><\/figure>\n\n\n\n<h2 class=\"wp-block-heading\"><strong>Achten Sie nicht nur auf die passende B\u00fcrotemperatur<\/strong><\/h2>\n\n\n\n<p>Stichwort: Luftfeuchtigkeit. Eine zu trockene oder zu feuchte Luft kann zu gesundheitlichen Problemen wie trockenen Augen, Hautirritationen und Atemwegsbeschwerden f\u00fchren und die Konzentration und Leistungsf\u00e4higkeit beeintr\u00e4chtigen. Daher ist es wichtig, neben der richtigen Raumtemperatur auch die richtige Luftfeuchtigkeit im B\u00fcro zu erreichen und zu regulieren.<\/p>\n\n\n\n<p>Die optimale Luftfeuchtigkeit im B\u00fcro sollte zwischen 40% und 60% liegen. Eine Luftfeuchtigkeit in diesem Bereich unterst\u00fctzt den K\u00f6rper bei der Regulierung seiner eigenen Feuchtigkeit und hilft, trockene Augen und Haut zu vermeiden. Eine Luftfeuchtigkeit von 50% ist ideal, da sie f\u00fcr die meisten Menschen angenehm ist und eine komfortable und produktive Arbeitsumgebung schafft.<\/p>\n\n\n\n<p>In den Wintermonaten kann es jedoch besonders schwierig sein, eine ausreichende Luftfeuchtigkeit im B\u00fcro zu erreichen. Heizungen und Klimaanlagen trocknen die Luft aus und k\u00f6nnen zu einer niedrigen Luftfeuchtigkeit f\u00fchren. Eine einfache L\u00f6sung ist, einen Luftbefeuchter im B\u00fcro zu verwenden, um die Luftfeuchtigkeit zu erh\u00f6hen und trockene Augen und Haut zu vermeiden.<\/p>\n\n\n\n<p>Vermeiden Sie aber eine zu hohe Luftfeuchtigkeit: Eine zu hohe Luftfeuchtigkeit kann zu Schimmelbildung und Feuchtigkeitssch\u00e4den f\u00fchren und das Wachstum von Schimmelpilzen und Bakterien f\u00f6rdern. Daher ist es wichtig, die Luftfeuchtigkeit im B\u00fcro regelm\u00e4\u00dfig zu \u00fcberwachen und gegebenenfalls anzupassen. Regelm\u00e4\u00dfiges Sto\u00dfl\u00fcften hilft hier schnell und effizient, um ein gesundes <a href=\"https:\/\/www.boho-moebel.de\/blog\/das-optimale-raumklima-fuer-effektives-arbeiten\">Arbeitsklima<\/a> zu halten.<\/p>\n\n\n\n<figure class=\"wp-block-table\"><table><thead><tr><th><\/th><th>Empfohlene Werte<\/th><th>Begr\u00fcndung<\/th><\/tr><\/thead><tbody><tr><td>Raumtemperatur<\/td><td>20\u00b0C bis 24\u00b0C (ideal: 22\u00b0C)<\/td><td>&#8211; Unterst\u00fctzt die k\u00f6rpereigene Temperaturregulierung<br>&#8211; Reduziert M\u00fcdigkeit und Ablenkung<br>&#8211; F\u00f6rdert Konzentration und Produktivit\u00e4t<\/td><\/tr><tr><td>Luftfeuchtigkeit<\/td><td>40% bis 60% (ideal: 50%)<\/td><td>&#8211; Unterst\u00fctzt die k\u00f6rpereigene Feuchtigkeitsregulierung<br>&#8211; Vermeidet trockene Augen und Haut<br>&#8211; Schafft eine komfortable Arbeitsumgebung<\/td><\/tr><\/tbody><\/table><\/figure>\n\n\n\n<p>Zusammenfassend ist es also mehr als wichtig, die Raumtemperatur und die Luftfeuchtigkeit im B\u00fcro oder Homeoffice zu regulieren, um eine angenehme und produktive <a href=\"https:\/\/www.boho-moebel.de\/blog\/work-health-guide-tipps-fuer-gesundes-arbeiten\">Arbeitsumgebung<\/a> zu schaffen. Es lohnt sich, Zeit und Aufwand in die jeweilige Regulierung zu investieren, um eine komfortable und effiziente Arbeitsumgebung zu schaffen.<\/p>\n","protected":false},"excerpt":{"rendered":"<p>Die optimale Temperatur Laut Experten sollte die optimale Raumtemperatur zwischen 20\u00b0C und 24\u00b0C liegen. Eine solche Temperatur unterst\u00fctzt den K\u00f6rper bei der Regulierung seiner eigenen Temperatur und hilft, M\u00fcdigkeit und Ablenkung zu reduzieren. Eine Raumtemperatur von 22\u00b0C ist ideal, da sie f\u00fcr die meisten Menschen angenehm ist und die Konzentration und Produktivit\u00e4t f\u00f6rdert. So macht [&hellip;]<\/p>\n","protected":false},"author":2,"featured_media":1621,"comment_status":"open","ping_status":"open","sticky":false,"template":"","format":"standard","meta":{"_acf_changed":false,"footnotes":""},"categories":[5],"tags":[],"class_list":["post-1545","post","type-post","status-publish","format-standard","has-post-thumbnail","hentry","category-gesundheit-und-ergonomie"],"acf":[],"contentshake_article_id":"","yoast_head":"<!-- This site is optimized with the Yoast SEO plugin v26.7 - https:\/\/yoast.com\/wordpress\/plugins\/seo\/ -->\n<title>Optimale Raumtemperatur f\u00fcr Produktivit\u00e4t - boho office\u00ae<\/title>\n<meta name=\"description\" content=\"Erfahren Sie bei boho office\u00ae, wie die richtige Raumtemperatur den Arbeitstag verbessert. Bessere Produktivit\u00e4t durch optimale Bedingungen.\" \/>\n<meta name=\"robots\" content=\"index, follow, max-snippet:-1, max-image-preview:large, max-video-preview:-1\" \/>\n<link rel=\"canonical\" href=\"https:\/\/www.boho-moebel.de\/blog\/optimale-raumtemperatur-fuer-produktivitaet\" \/>\n<meta property=\"og:locale\" content=\"de_DE\" \/>\n<meta property=\"og:type\" content=\"article\" \/>\n<meta property=\"og:title\" content=\"Optimale Raumtemperatur f\u00fcr Produktivit\u00e4t - boho office\u00ae\" \/>\n<meta property=\"og:description\" content=\"Erfahren Sie bei boho office\u00ae, wie die richtige Raumtemperatur den Arbeitstag verbessert. Bessere Produktivit\u00e4t durch optimale Bedingungen.\" \/>\n<meta property=\"og:url\" content=\"https:\/\/www.boho-moebel.de\/blog\/optimale-raumtemperatur-fuer-produktivitaet\" \/>\n<meta property=\"og:site_name\" content=\"boho office\u00ae\" \/>\n<meta property=\"article:published_time\" content=\"2023-11-10T09:09:56+00:00\" \/>\n<meta property=\"article:modified_time\" content=\"2025-04-08T10:26:36+00:00\" \/>\n<meta property=\"og:image\" content=\"https:\/\/www.boho-moebel.de\/blog\/wp-content\/uploads\/welche-raumtemperatur-ist-perfekt-fuer-das-arbeiten-scaled.jpeg\" \/>\n\t<meta property=\"og:image:width\" content=\"2560\" \/>\n\t<meta property=\"og:image:height\" content=\"1657\" \/>\n\t<meta property=\"og:image:type\" content=\"image\/jpeg\" \/>\n<meta name=\"author\" content=\"Jonas Sommer\" \/>\n<meta name=\"twitter:card\" content=\"summary_large_image\" \/>\n<meta name=\"twitter:label1\" content=\"Verfasst von\" \/>\n\t<meta name=\"twitter:data1\" content=\"Jonas Sommer\" \/>\n\t<meta name=\"twitter:label2\" content=\"Gesch\u00e4tzte Lesezeit\" \/>\n\t<meta name=\"twitter:data2\" content=\"3\u00a0Minuten\" \/>\n<script type=\"application\/ld+json\" class=\"yoast-schema-graph\">{\"@context\":\"https:\/\/schema.org\",\"@graph\":[{\"@type\":\"Article\",\"@id\":\"https:\/\/www.boho-moebel.de\/blog\/optimale-raumtemperatur-fuer-produktivitaet#article\",\"isPartOf\":{\"@id\":\"https:\/\/www.boho-moebel.de\/blog\/optimale-raumtemperatur-fuer-produktivitaet\"},\"author\":{\"name\":\"Jonas Sommer\",\"@id\":\"https:\/\/www.boho-moebel.de\/blog\/#\/schema\/person\/17e748d9a472f27f76cdff1a41878165\"},\"headline\":\"Was ist die optimale Raumtemperatur f\u00fcr das Arbeiten?\",\"datePublished\":\"2023-11-10T09:09:56+00:00\",\"dateModified\":\"2025-04-08T10:26:36+00:00\",\"mainEntityOfPage\":{\"@id\":\"https:\/\/www.boho-moebel.de\/blog\/optimale-raumtemperatur-fuer-produktivitaet\"},\"wordCount\":473,\"commentCount\":0,\"image\":{\"@id\":\"https:\/\/www.boho-moebel.de\/blog\/optimale-raumtemperatur-fuer-produktivitaet#primaryimage\"},\"thumbnailUrl\":\"https:\/\/www.boho-moebel.de\/blog\/wp-content\/uploads\/welche-raumtemperatur-ist-perfekt-fuer-das-arbeiten-scaled.jpeg\",\"articleSection\":[\"Gesundheit &amp; Ergonomie\"],\"inLanguage\":\"de\",\"potentialAction\":[{\"@type\":\"CommentAction\",\"name\":\"Comment\",\"target\":[\"https:\/\/www.boho-moebel.de\/blog\/optimale-raumtemperatur-fuer-produktivitaet#respond\"]}]},{\"@type\":\"WebPage\",\"@id\":\"https:\/\/www.boho-moebel.de\/blog\/optimale-raumtemperatur-fuer-produktivitaet\",\"url\":\"https:\/\/www.boho-moebel.de\/blog\/optimale-raumtemperatur-fuer-produktivitaet\",\"name\":\"Optimale Raumtemperatur f\u00fcr Produktivit\u00e4t - boho office\u00ae\",\"isPartOf\":{\"@id\":\"https:\/\/www.boho-moebel.de\/blog\/#website\"},\"primaryImageOfPage\":{\"@id\":\"https:\/\/www.boho-moebel.de\/blog\/optimale-raumtemperatur-fuer-produktivitaet#primaryimage\"},\"image\":{\"@id\":\"https:\/\/www.boho-moebel.de\/blog\/optimale-raumtemperatur-fuer-produktivitaet#primaryimage\"},\"thumbnailUrl\":\"https:\/\/www.boho-moebel.de\/blog\/wp-content\/uploads\/welche-raumtemperatur-ist-perfekt-fuer-das-arbeiten-scaled.jpeg\",\"datePublished\":\"2023-11-10T09:09:56+00:00\",\"dateModified\":\"2025-04-08T10:26:36+00:00\",\"author\":{\"@id\":\"https:\/\/www.boho-moebel.de\/blog\/#\/schema\/person\/17e748d9a472f27f76cdff1a41878165\"},\"description\":\"Erfahren Sie bei boho office\u00ae, wie die richtige Raumtemperatur den Arbeitstag verbessert. Bessere Produktivit\u00e4t durch optimale Bedingungen.\",\"breadcrumb\":{\"@id\":\"https:\/\/www.boho-moebel.de\/blog\/optimale-raumtemperatur-fuer-produktivitaet#breadcrumb\"},\"inLanguage\":\"de\",\"potentialAction\":[{\"@type\":\"ReadAction\",\"target\":[\"https:\/\/www.boho-moebel.de\/blog\/optimale-raumtemperatur-fuer-produktivitaet\"]}]},{\"@type\":\"ImageObject\",\"inLanguage\":\"de\",\"@id\":\"https:\/\/www.boho-moebel.de\/blog\/optimale-raumtemperatur-fuer-produktivitaet#primaryimage\",\"url\":\"https:\/\/www.boho-moebel.de\/blog\/wp-content\/uploads\/welche-raumtemperatur-ist-perfekt-fuer-das-arbeiten-scaled.jpeg\",\"contentUrl\":\"https:\/\/www.boho-moebel.de\/blog\/wp-content\/uploads\/welche-raumtemperatur-ist-perfekt-fuer-das-arbeiten-scaled.jpeg\",\"width\":2560,\"height\":1657,\"caption\":\"Welche Raumtemperatur ist perfekt f\u00fcr das Arbeiten\"},{\"@type\":\"BreadcrumbList\",\"@id\":\"https:\/\/www.boho-moebel.de\/blog\/optimale-raumtemperatur-fuer-produktivitaet#breadcrumb\",\"itemListElement\":[{\"@type\":\"ListItem\",\"position\":1,\"name\":\"Startseite\",\"item\":\"https:\/\/www.boho-moebel.de\/blog\"},{\"@type\":\"ListItem\",\"position\":2,\"name\":\"Was ist die optimale Raumtemperatur f\u00fcr das Arbeiten?\"}]},{\"@type\":\"WebSite\",\"@id\":\"https:\/\/www.boho-moebel.de\/blog\/#website\",\"url\":\"https:\/\/www.boho-moebel.de\/blog\/\",\"name\":\"boho office\u00ae\",\"description\":\"Magazin f\u00fcr B\u00fcro, Office, Arbeit\",\"potentialAction\":[{\"@type\":\"SearchAction\",\"target\":{\"@type\":\"EntryPoint\",\"urlTemplate\":\"https:\/\/www.boho-moebel.de\/blog\/?s={search_term_string}\"},\"query-input\":{\"@type\":\"PropertyValueSpecification\",\"valueRequired\":true,\"valueName\":\"search_term_string\"}}],\"inLanguage\":\"de\"},{\"@type\":\"Person\",\"@id\":\"https:\/\/www.boho-moebel.de\/blog\/#\/schema\/person\/17e748d9a472f27f76cdff1a41878165\",\"name\":\"Jonas Sommer\",\"image\":{\"@type\":\"ImageObject\",\"inLanguage\":\"de\",\"@id\":\"https:\/\/www.boho-moebel.de\/blog\/#\/schema\/person\/image\/\",\"url\":\"https:\/\/secure.gravatar.com\/avatar\/7e0ce621b6b32b69974d49b595ffa090a9b4c780f93524d1742482534575a121?s=96&d=mm&r=g\",\"contentUrl\":\"https:\/\/secure.gravatar.com\/avatar\/7e0ce621b6b32b69974d49b595ffa090a9b4c780f93524d1742482534575a121?s=96&d=mm&r=g\",\"caption\":\"Jonas Sommer\"},\"sameAs\":[\"https:\/\/www.boho-moebel.de\"],\"url\":\"https:\/\/www.boho-moebel.de\/blog\/author\/henrik\"}]}<\/script>\n<!-- \/ Yoast SEO plugin. -->","yoast_head_json":{"title":"Optimale Raumtemperatur f\u00fcr Produktivit\u00e4t - boho office\u00ae","description":"Erfahren Sie bei boho office\u00ae, wie die richtige Raumtemperatur den Arbeitstag verbessert. Bessere Produktivit\u00e4t durch optimale Bedingungen.","robots":{"index":"index","follow":"follow","max-snippet":"max-snippet:-1","max-image-preview":"max-image-preview:large","max-video-preview":"max-video-preview:-1"},"canonical":"https:\/\/www.boho-moebel.de\/blog\/optimale-raumtemperatur-fuer-produktivitaet","og_locale":"de_DE","og_type":"article","og_title":"Optimale Raumtemperatur f\u00fcr Produktivit\u00e4t - boho office\u00ae","og_description":"Erfahren Sie bei boho office\u00ae, wie die richtige Raumtemperatur den Arbeitstag verbessert. Bessere Produktivit\u00e4t durch optimale Bedingungen.","og_url":"https:\/\/www.boho-moebel.de\/blog\/optimale-raumtemperatur-fuer-produktivitaet","og_site_name":"boho office\u00ae","article_published_time":"2023-11-10T09:09:56+00:00","article_modified_time":"2025-04-08T10:26:36+00:00","og_image":[{"width":2560,"height":1657,"url":"https:\/\/www.boho-moebel.de\/blog\/wp-content\/uploads\/welche-raumtemperatur-ist-perfekt-fuer-das-arbeiten-scaled.jpeg","type":"image\/jpeg"}],"author":"Jonas Sommer","twitter_card":"summary_large_image","twitter_misc":{"Verfasst von":"Jonas Sommer","Gesch\u00e4tzte Lesezeit":"3\u00a0Minuten"},"schema":{"@context":"https:\/\/schema.org","@graph":[{"@type":"Article","@id":"https:\/\/www.boho-moebel.de\/blog\/optimale-raumtemperatur-fuer-produktivitaet#article","isPartOf":{"@id":"https:\/\/www.boho-moebel.de\/blog\/optimale-raumtemperatur-fuer-produktivitaet"},"author":{"name":"Jonas Sommer","@id":"https:\/\/www.boho-moebel.de\/blog\/#\/schema\/person\/17e748d9a472f27f76cdff1a41878165"},"headline":"Was ist die optimale Raumtemperatur f\u00fcr das Arbeiten?","datePublished":"2023-11-10T09:09:56+00:00","dateModified":"2025-04-08T10:26:36+00:00","mainEntityOfPage":{"@id":"https:\/\/www.boho-moebel.de\/blog\/optimale-raumtemperatur-fuer-produktivitaet"},"wordCount":473,"commentCount":0,"image":{"@id":"https:\/\/www.boho-moebel.de\/blog\/optimale-raumtemperatur-fuer-produktivitaet#primaryimage"},"thumbnailUrl":"https:\/\/www.boho-moebel.de\/blog\/wp-content\/uploads\/welche-raumtemperatur-ist-perfekt-fuer-das-arbeiten-scaled.jpeg","articleSection":["Gesundheit &amp; Ergonomie"],"inLanguage":"de","potentialAction":[{"@type":"CommentAction","name":"Comment","target":["https:\/\/www.boho-moebel.de\/blog\/optimale-raumtemperatur-fuer-produktivitaet#respond"]}]},{"@type":"WebPage","@id":"https:\/\/www.boho-moebel.de\/blog\/optimale-raumtemperatur-fuer-produktivitaet","url":"https:\/\/www.boho-moebel.de\/blog\/optimale-raumtemperatur-fuer-produktivitaet","name":"Optimale Raumtemperatur f\u00fcr Produktivit\u00e4t - boho office\u00ae","isPartOf":{"@id":"https:\/\/www.boho-moebel.de\/blog\/#website"},"primaryImageOfPage":{"@id":"https:\/\/www.boho-moebel.de\/blog\/optimale-raumtemperatur-fuer-produktivitaet#primaryimage"},"image":{"@id":"https:\/\/www.boho-moebel.de\/blog\/optimale-raumtemperatur-fuer-produktivitaet#primaryimage"},"thumbnailUrl":"https:\/\/www.boho-moebel.de\/blog\/wp-content\/uploads\/welche-raumtemperatur-ist-perfekt-fuer-das-arbeiten-scaled.jpeg","datePublished":"2023-11-10T09:09:56+00:00","dateModified":"2025-04-08T10:26:36+00:00","author":{"@id":"https:\/\/www.boho-moebel.de\/blog\/#\/schema\/person\/17e748d9a472f27f76cdff1a41878165"},"description":"Erfahren Sie bei boho office\u00ae, wie die richtige Raumtemperatur den Arbeitstag verbessert. Bessere Produktivit\u00e4t durch optimale Bedingungen.","breadcrumb":{"@id":"https:\/\/www.boho-moebel.de\/blog\/optimale-raumtemperatur-fuer-produktivitaet#breadcrumb"},"inLanguage":"de","potentialAction":[{"@type":"ReadAction","target":["https:\/\/www.boho-moebel.de\/blog\/optimale-raumtemperatur-fuer-produktivitaet"]}]},{"@type":"ImageObject","inLanguage":"de","@id":"https:\/\/www.boho-moebel.de\/blog\/optimale-raumtemperatur-fuer-produktivitaet#primaryimage","url":"https:\/\/www.boho-moebel.de\/blog\/wp-content\/uploads\/welche-raumtemperatur-ist-perfekt-fuer-das-arbeiten-scaled.jpeg","contentUrl":"https:\/\/www.boho-moebel.de\/blog\/wp-content\/uploads\/welche-raumtemperatur-ist-perfekt-fuer-das-arbeiten-scaled.jpeg","width":2560,"height":1657,"caption":"Welche Raumtemperatur ist perfekt f\u00fcr das Arbeiten"},{"@type":"BreadcrumbList","@id":"https:\/\/www.boho-moebel.de\/blog\/optimale-raumtemperatur-fuer-produktivitaet#breadcrumb","itemListElement":[{"@type":"ListItem","position":1,"name":"Startseite","item":"https:\/\/www.boho-moebel.de\/blog"},{"@type":"ListItem","position":2,"name":"Was ist die optimale Raumtemperatur f\u00fcr das Arbeiten?"}]},{"@type":"WebSite","@id":"https:\/\/www.boho-moebel.de\/blog\/#website","url":"https:\/\/www.boho-moebel.de\/blog\/","name":"boho office\u00ae","description":"Magazin f\u00fcr B\u00fcro, Office, Arbeit","potentialAction":[{"@type":"SearchAction","target":{"@type":"EntryPoint","urlTemplate":"https:\/\/www.boho-moebel.de\/blog\/?s={search_term_string}"},"query-input":{"@type":"PropertyValueSpecification","valueRequired":true,"valueName":"search_term_string"}}],"inLanguage":"de"},{"@type":"Person","@id":"https:\/\/www.boho-moebel.de\/blog\/#\/schema\/person\/17e748d9a472f27f76cdff1a41878165","name":"Jonas Sommer","image":{"@type":"ImageObject","inLanguage":"de","@id":"https:\/\/www.boho-moebel.de\/blog\/#\/schema\/person\/image\/","url":"https:\/\/secure.gravatar.com\/avatar\/7e0ce621b6b32b69974d49b595ffa090a9b4c780f93524d1742482534575a121?s=96&d=mm&r=g","contentUrl":"https:\/\/secure.gravatar.com\/avatar\/7e0ce621b6b32b69974d49b595ffa090a9b4c780f93524d1742482534575a121?s=96&d=mm&r=g","caption":"Jonas Sommer"},"sameAs":["https:\/\/www.boho-moebel.de"],"url":"https:\/\/www.boho-moebel.de\/blog\/author\/henrik"}]}},"_links":{"self":[{"href":"https:\/\/www.boho-moebel.de\/blog\/wp-json\/wp\/v2\/posts\/1545","targetHints":{"allow":["GET"]}}],"collection":[{"href":"https:\/\/www.boho-moebel.de\/blog\/wp-json\/wp\/v2\/posts"}],"about":[{"href":"https:\/\/www.boho-moebel.de\/blog\/wp-json\/wp\/v2\/types\/post"}],"author":[{"embeddable":true,"href":"https:\/\/www.boho-moebel.de\/blog\/wp-json\/wp\/v2\/users\/2"}],"replies":[{"embeddable":true,"href":"https:\/\/www.boho-moebel.de\/blog\/wp-json\/wp\/v2\/comments?post=1545"}],"version-history":[{"count":11,"href":"https:\/\/www.boho-moebel.de\/blog\/wp-json\/wp\/v2\/posts\/1545\/revisions"}],"predecessor-version":[{"id":4558,"href":"https:\/\/www.boho-moebel.de\/blog\/wp-json\/wp\/v2\/posts\/1545\/revisions\/4558"}],"wp:featuredmedia":[{"embeddable":true,"href":"https:\/\/www.boho-moebel.de\/blog\/wp-json\/wp\/v2\/media\/1621"}],"wp:attachment":[{"href":"https:\/\/www.boho-moebel.de\/blog\/wp-json\/wp\/v2\/media?parent=1545"}],"wp:term":[{"taxonomy":"category","embeddable":true,"href":"https:\/\/www.boho-moebel.de\/blog\/wp-json\/wp\/v2\/categories?post=1545"},{"taxonomy":"post_tag","embeddable":true,"href":"https:\/\/www.boho-moebel.de\/blog\/wp-json\/wp\/v2\/tags?post=1545"}],"curies":[{"name":"wp","href":"https:\/\/api.w.org\/{rel}","templated":true}]}}