{"id":2531,"date":"2023-10-17T13:09:30","date_gmt":"2023-10-17T11:09:30","guid":{"rendered":"https:\/\/www.boho-moebel.de\/blog?p=2531"},"modified":"2025-04-08T14:58:10","modified_gmt":"2025-04-08T12:58:10","slug":"demografiefeste-arbeitsplatzgestaltung","status":"publish","type":"post","link":"https:\/\/www.boho-moebel.de\/blog\/demografiefeste-arbeitsplatzgestaltung","title":{"rendered":"Demografiefeste Arbeitsplatzgestaltung: Ergonomie am Arbeitsplatz als Schl\u00fcssel zum Erfolg"},"content":{"rendered":"\n<p>In unserer sich rasch ver\u00e4ndernden Welt stehen Unternehmen vor einer bedeutenden Herausforderung: den demografischen Wandel. Dieser Wandel beeinflusst nicht nur unsere Gesellschaft, sondern auch die Art und Weise, wie wir arbeiten. Insbesondere mit dem schrittweisen Ausscheiden der Babyboomer-Generation aus dem Arbeitsmarkt wird deutlich, wie wichtig es ist, demografiefeste Arbeitspl\u00e4tze zu gestalten. Dies bedeutet nicht nur, Arbeitspl\u00e4tze f\u00fcr \u00e4ltere Mitarbeiter anzupassen, sondern eine ganzheitliche Ver\u00e4nderung unserer Arbeitskultur.<\/p>\n\n\n\n<h2 class=\"wp-block-heading\">Die Bedeutung der Ergonomie am Arbeitsplatz<\/h2>\n\n\n\n<p>Im Zentrum dieser Ver\u00e4nderungen steht die Ergonomie am Arbeitsplatz. Eine demografiefeste Arbeitsgestaltung muss verschiedene Aspekte ber\u00fccksichtigen: von Arbeitsaufgaben \u00fcber Arbeitsorganisation bis hin zu sozialen Beziehungen und der Arbeitsumgebung. Ergonomisch gestaltete Arbeitspl\u00e4tze sind dabei von entscheidender Bedeutung. Sie f\u00f6rdern nicht nur die Arbeitsmotivation und Arbeitszufriedenheit, sondern tragen auch dazu bei, Fehlbelastungen zu minimieren, die oft zu gesundheitlichen Problemen f\u00fchren k\u00f6nnen, insbesondere im R\u00fcckenbereich.<\/p>\n\n\n\n<h2 class=\"wp-block-heading\">Betriebliches Gesundheitsmanagement als Schl\u00fcssel<\/h2>\n\n\n\n<p>Betriebliches Gesundheitsmanagement (BGM) wird dabei zum Schl\u00fcsselinstrument. Pr\u00e4ventive Gesundheitsma\u00dfnahmen und Gesundheitsf\u00f6rderung sind nicht nur f\u00fcr die j\u00fcngeren Generationen wichtig, sondern auch f\u00fcr die \u00e4lteren Mitarbeiter, die bis zur Rente leistungsf\u00e4hig bleiben wollen. Ergonomische Schulungen und altersgerechte Arbeitszeitmodelle sind dabei genauso entscheidend wie die Entwicklung von ergonomischen Arbeitspl\u00e4tzen. Die Kombination aus verh\u00e4ltnis- und verhaltensorientierten Ma\u00dfnahmen stellt sicher, dass alle Mitarbeiter, unabh\u00e4ngig von ihrem Alter, von einer demografiefesten Arbeitsumgebung profitieren.<\/p>\n\n\n\n<h2 class=\"wp-block-heading\">Die Evolution der Ergonomie: Elektrisch h\u00f6henverstellbare Schreibtische im Fokus<\/h2>\n\n\n\n<p>Wie bereits gesagt: In dieser sich ver\u00e4ndernden Arbeitswelt r\u00fcckt besonders die Ergonomie am Arbeitsplatz in den Fokus. Doch nicht nur das Prinzip der Ergonomie an sich, sondern auch innovative L\u00f6sungen wie <a href=\"https:\/\/www.boho-moebel.de\/produkte\/hoehenverstellbare-tischgestelle\/\">elektrisch h\u00f6henverstellbare Schreibtische<\/a> revolutionieren die Art und Weise, wie wir arbeiten.<\/p>\n\n\n\n<figure class=\"wp-block-image size-large\"><img loading=\"lazy\" decoding=\"async\" width=\"1024\" height=\"683\" src=\"https:\/\/www.boho-moebel.de\/blog\/wp-content\/uploads\/image_dkv-studie_01-1024x683.jpg\" alt=\"Ein elektrisch h\u00f6henverstellbarer Schreibtisch tr\u00e4gt zu einer erh\u00f6hten Bewegung am Arbeitsplatz bei\" class=\"wp-image-2269\" srcset=\"https:\/\/www.boho-moebel.de\/blog\/wp-content\/uploads\/image_dkv-studie_01-1024x683.jpg 1024w, https:\/\/www.boho-moebel.de\/blog\/wp-content\/uploads\/image_dkv-studie_01-300x200.jpg 300w, https:\/\/www.boho-moebel.de\/blog\/wp-content\/uploads\/image_dkv-studie_01-768x512.jpg 768w, https:\/\/www.boho-moebel.de\/blog\/wp-content\/uploads\/image_dkv-studie_01-1536x1024.jpg 1536w, https:\/\/www.boho-moebel.de\/blog\/wp-content\/uploads\/image_dkv-studie_01.jpg 1920w\" sizes=\"auto, (max-width: 1024px) 100vw, 1024px\" \/><figcaption class=\"wp-element-caption\">Ein elektrisch h\u00f6henverstellbarer Schreibtisch tr\u00e4gt zu einer erh\u00f6hten Bewegung am Arbeitsplatz bei<\/figcaption><\/figure>\n\n\n\n<h3 class=\"wp-block-heading\">Vielf\u00e4ltige Anpassungsm\u00f6glichkeiten f\u00fcr alle Bed\u00fcrfnisse<\/h3>\n\n\n\n<p><a href=\"https:\/\/www.boho-moebel.de\/produkte\/hoehenverstellbare-tischgestelle\/\">Elektrisch h\u00f6henverstellbare Schreibtische<\/a> sind mehr als nur M\u00f6belst\u00fccke. Sie sind der Schl\u00fcssel zu einer demografiefesten Arbeitswelt. Indem sie verschiedene Aspekte wie Arbeitsaufgaben, Arbeitsorganisation, soziale Beziehungen und die Arbeitsumgebung ber\u00fccksichtigen, erm\u00f6glichen sie eine individuelle Anpassung an die Bed\u00fcrfnisse jedes Mitarbeiters. Ob im Sitzen oder Stehen, diese Schreibtische bieten nicht nur Flexibilit\u00e4t, sondern auch einen Beitrag zur F\u00f6rderung der Mitarbeiterzufriedenheit.<\/p>\n\n\n\n<h3 class=\"wp-block-heading\">Gesunde Mitarbeiter, gesunde Unternehmen<\/h3>\n\n\n\n<p>Die Vorteile <a href=\"https:\/\/www.boho-moebel.de\/produkte\/hoehenverstellbare-tischgestelle\/\">elektrisch h\u00f6henverstellbarer Schreibtische<\/a> gehen \u00fcber die blo\u00dfe Anpassung hinaus. Sie tragen ma\u00dfgeblich dazu bei, Fehlbelastungen zu minimieren, insbesondere im oft anf\u00e4lligen R\u00fcckenbereich. Diese innovative L\u00f6sung f\u00f6rdert nicht nur die physische Gesundheit der Mitarbeiter, sondern auch ihre psychische Verfassung. Ein <a href=\"https:\/\/www.boho-moebel.de\/blog\/wann-ist-ein-hoehenverstellbarer-schreibtisch-sinnvoll\">komfortabler und anpassbarer Arbeitsplatz<\/a> tr\u00e4gt dazu bei, dass Mitarbeiter bis zur Rente gesund, leistungsf\u00e4hig und motiviert bleiben.<\/p>\n\n\n\n<figure class=\"wp-block-image size-full\"><img loading=\"lazy\" decoding=\"async\" width=\"800\" height=\"450\" src=\"https:\/\/www.boho-moebel.de\/blog\/wp-content\/uploads\/image_buerokonzepte1.jpg\" alt=\"Freundliche Arbeitsatmosph\u00e4re mit mobilen Arbeitspl\u00e4tzen\" class=\"wp-image-2155\" srcset=\"https:\/\/www.boho-moebel.de\/blog\/wp-content\/uploads\/image_buerokonzepte1.jpg 800w, https:\/\/www.boho-moebel.de\/blog\/wp-content\/uploads\/image_buerokonzepte1-300x169.jpg 300w, https:\/\/www.boho-moebel.de\/blog\/wp-content\/uploads\/image_buerokonzepte1-768x432.jpg 768w\" sizes=\"auto, (max-width: 800px) 100vw, 800px\" \/><figcaption class=\"wp-element-caption\">Freundliche Arbeitsatmosph\u00e4re mit mobilen Arbeitspl\u00e4tzen<\/figcaption><\/figure>\n\n\n\n<h2 class=\"wp-block-heading\">Kontinuierliche Anpassung f\u00fcr langfristigen Erfolg<\/h2>\n\n\n\n<p>Um demografiefeste Arbeit zu gew\u00e4hrleisten, ist es entscheidend, die Arbeitspl\u00e4tze kontinuierlich zu \u00fcberpr\u00fcfen und anzupassen. Unternehmen m\u00fcssen flexibel sein und sich den sich \u00e4ndernden Bed\u00fcrfnissen ihrer Mitarbeiter anpassen. Nur so k\u00f6nnen sie sicherstellen, dass ihre Mitarbeiter bis zur Rente gesund und leistungsf\u00e4hig bleiben. Ergonomie am Arbeitsplatz ist dabei nicht nur ein Schlagwort, sondern der Schl\u00fcssel zum langfristigen Erfolg in einer demografisch gepr\u00e4gten Arbeitswelt.<\/p>\n\n\n\n<h2 class=\"wp-block-heading\">Gemeinsam und demografiefest in die Zukunft<\/h2>\n\n\n\n<p>Die Herausforderungen des demografischen Wandels erfordern ein Umdenken in der Art und Weise, wie wir arbeiten. Unternehmen, die Ergonomie am Arbeitsplatz und ein durchdachtes Betriebliches Gesundheitsmanagement in den Mittelpunkt ihrer Strategie stellen, schaffen nicht nur eine gesunde Arbeitsumgebung f\u00fcr ihre Mitarbeiter, sondern sichern auch ihre eigene Zukunft. Gemeinsam k\u00f6nnen wir eine demografiefeste Arbeitswelt schaffen, in der alle Mitarbeiter die M\u00f6glichkeit haben, bis zur Rente gesund, leistungsf\u00e4hig und motiviert zu arbeiten.<\/p>\n\n\n\n<div class=\"section__actions\">\n<p><strong>Werden Sie Business-Kunde bei boho office<sup>\u00ae<\/sup>:<\/strong> Profitieren Sie von exklusiven Konditionen und Produkten, einem gro\u00dfen Partner-Netzwerk und langj\u00e4hriger Erfahrung.<\/p>\n\n<a rel=\"nofollow noopener\" target=\"_blank\" href=\"https:\/\/b2b.boho-moebel.de\/erstgespraech-vereinbaren\/\" class=\"btn\" title=\"Jetzt Erstgespr\u00e4ch vereinbaren\">Jetzt Erstgespr\u00e4ch vereinbaren<\/a>\n<\/div>\n\n<div class=\"section__cards cards\"><div class=\"cards__head\"><\/div><\/div>\n","protected":false},"excerpt":{"rendered":"<p>In unserer sich rasch ver\u00e4ndernden Welt stehen Unternehmen vor einer bedeutenden Herausforderung: den demografischen Wandel. Dieser Wandel beeinflusst nicht nur unsere Gesellschaft, sondern auch die Art und Weise, wie wir arbeiten. Insbesondere mit dem schrittweisen Ausscheiden der Babyboomer-Generation aus dem Arbeitsmarkt wird deutlich, wie wichtig es ist, demografiefeste Arbeitspl\u00e4tze zu gestalten. Dies bedeutet nicht nur, [&hellip;]<\/p>\n","protected":false},"author":2,"featured_media":2532,"comment_status":"open","ping_status":"open","sticky":false,"template":"","format":"standard","meta":{"_acf_changed":false,"footnotes":""},"categories":[5],"tags":[],"class_list":["post-2531","post","type-post","status-publish","format-standard","has-post-thumbnail","hentry","category-gesundheit-und-ergonomie"],"acf":[],"contentshake_article_id":"","yoast_head":"<!-- This site is optimized with the Yoast SEO plugin v26.7 - https:\/\/yoast.com\/wordpress\/plugins\/seo\/ -->\n<title>Demografiefeste Arbeitsplatzgestaltung - boho office\u00ae<\/title>\n<meta name=\"description\" content=\"Demografiefeste Arbeitsplatzgestaltung: Ergonomie am Arbeitsplatz als Schl\u00fcssel zum Erfolg mit h\u00f6henverstellbaren Schreibtischen.\" \/>\n<meta name=\"robots\" content=\"index, follow, max-snippet:-1, max-image-preview:large, max-video-preview:-1\" \/>\n<link rel=\"canonical\" href=\"https:\/\/www.boho-moebel.de\/blog\/demografiefeste-arbeitsplatzgestaltung\" \/>\n<meta property=\"og:locale\" content=\"de_DE\" \/>\n<meta property=\"og:type\" content=\"article\" \/>\n<meta property=\"og:title\" content=\"Demografiefeste Arbeitsplatzgestaltung - boho office\u00ae\" \/>\n<meta property=\"og:description\" content=\"Demografiefeste Arbeitsplatzgestaltung: Ergonomie am Arbeitsplatz als Schl\u00fcssel zum Erfolg mit h\u00f6henverstellbaren Schreibtischen.\" \/>\n<meta property=\"og:url\" content=\"https:\/\/www.boho-moebel.de\/blog\/demografiefeste-arbeitsplatzgestaltung\" \/>\n<meta property=\"og:site_name\" content=\"boho office\u00ae\" \/>\n<meta property=\"article:published_time\" content=\"2023-10-17T11:09:30+00:00\" \/>\n<meta property=\"article:modified_time\" content=\"2025-04-08T12:58:10+00:00\" \/>\n<meta property=\"og:image\" content=\"https:\/\/www.boho-moebel.de\/blog\/wp-content\/uploads\/header_demografie_01.jpg\" \/>\n\t<meta property=\"og:image:width\" content=\"1800\" \/>\n\t<meta property=\"og:image:height\" content=\"700\" \/>\n\t<meta property=\"og:image:type\" content=\"image\/jpeg\" \/>\n<meta name=\"author\" content=\"Jonas Sommer\" \/>\n<meta name=\"twitter:card\" content=\"summary_large_image\" \/>\n<meta name=\"twitter:label1\" content=\"Verfasst von\" \/>\n\t<meta name=\"twitter:data1\" content=\"Jonas Sommer\" \/>\n\t<meta name=\"twitter:label2\" content=\"Gesch\u00e4tzte Lesezeit\" \/>\n\t<meta name=\"twitter:data2\" content=\"4\u00a0Minuten\" \/>\n<script type=\"application\/ld+json\" class=\"yoast-schema-graph\">{\"@context\":\"https:\/\/schema.org\",\"@graph\":[{\"@type\":\"Article\",\"@id\":\"https:\/\/www.boho-moebel.de\/blog\/demografiefeste-arbeitsplatzgestaltung#article\",\"isPartOf\":{\"@id\":\"https:\/\/www.boho-moebel.de\/blog\/demografiefeste-arbeitsplatzgestaltung\"},\"author\":{\"name\":\"Jonas Sommer\",\"@id\":\"https:\/\/www.boho-moebel.de\/blog\/#\/schema\/person\/17e748d9a472f27f76cdff1a41878165\"},\"headline\":\"Demografiefeste Arbeitsplatzgestaltung: Ergonomie am Arbeitsplatz als Schl\u00fcssel zum Erfolg\",\"datePublished\":\"2023-10-17T11:09:30+00:00\",\"dateModified\":\"2025-04-08T12:58:10+00:00\",\"mainEntityOfPage\":{\"@id\":\"https:\/\/www.boho-moebel.de\/blog\/demografiefeste-arbeitsplatzgestaltung\"},\"wordCount\":649,\"commentCount\":0,\"image\":{\"@id\":\"https:\/\/www.boho-moebel.de\/blog\/demografiefeste-arbeitsplatzgestaltung#primaryimage\"},\"thumbnailUrl\":\"https:\/\/www.boho-moebel.de\/blog\/wp-content\/uploads\/header_demografie_01.jpg\",\"articleSection\":[\"Gesundheit &amp; Ergonomie\"],\"inLanguage\":\"de\",\"potentialAction\":[{\"@type\":\"CommentAction\",\"name\":\"Comment\",\"target\":[\"https:\/\/www.boho-moebel.de\/blog\/demografiefeste-arbeitsplatzgestaltung#respond\"]}]},{\"@type\":\"WebPage\",\"@id\":\"https:\/\/www.boho-moebel.de\/blog\/demografiefeste-arbeitsplatzgestaltung\",\"url\":\"https:\/\/www.boho-moebel.de\/blog\/demografiefeste-arbeitsplatzgestaltung\",\"name\":\"Demografiefeste Arbeitsplatzgestaltung - boho office\u00ae\",\"isPartOf\":{\"@id\":\"https:\/\/www.boho-moebel.de\/blog\/#website\"},\"primaryImageOfPage\":{\"@id\":\"https:\/\/www.boho-moebel.de\/blog\/demografiefeste-arbeitsplatzgestaltung#primaryimage\"},\"image\":{\"@id\":\"https:\/\/www.boho-moebel.de\/blog\/demografiefeste-arbeitsplatzgestaltung#primaryimage\"},\"thumbnailUrl\":\"https:\/\/www.boho-moebel.de\/blog\/wp-content\/uploads\/header_demografie_01.jpg\",\"datePublished\":\"2023-10-17T11:09:30+00:00\",\"dateModified\":\"2025-04-08T12:58:10+00:00\",\"author\":{\"@id\":\"https:\/\/www.boho-moebel.de\/blog\/#\/schema\/person\/17e748d9a472f27f76cdff1a41878165\"},\"description\":\"Demografiefeste Arbeitsplatzgestaltung: Ergonomie am Arbeitsplatz als Schl\u00fcssel zum Erfolg mit h\u00f6henverstellbaren Schreibtischen.\",\"breadcrumb\":{\"@id\":\"https:\/\/www.boho-moebel.de\/blog\/demografiefeste-arbeitsplatzgestaltung#breadcrumb\"},\"inLanguage\":\"de\",\"potentialAction\":[{\"@type\":\"ReadAction\",\"target\":[\"https:\/\/www.boho-moebel.de\/blog\/demografiefeste-arbeitsplatzgestaltung\"]}]},{\"@type\":\"ImageObject\",\"inLanguage\":\"de\",\"@id\":\"https:\/\/www.boho-moebel.de\/blog\/demografiefeste-arbeitsplatzgestaltung#primaryimage\",\"url\":\"https:\/\/www.boho-moebel.de\/blog\/wp-content\/uploads\/header_demografie_01.jpg\",\"contentUrl\":\"https:\/\/www.boho-moebel.de\/blog\/wp-content\/uploads\/header_demografie_01.jpg\",\"width\":1800,\"height\":700,\"caption\":\"Eine demografiefeste Arbeitsgestaltung muss verschiedene Aspekte ber\u00fccksichtigen\"},{\"@type\":\"BreadcrumbList\",\"@id\":\"https:\/\/www.boho-moebel.de\/blog\/demografiefeste-arbeitsplatzgestaltung#breadcrumb\",\"itemListElement\":[{\"@type\":\"ListItem\",\"position\":1,\"name\":\"Startseite\",\"item\":\"https:\/\/www.boho-moebel.de\/blog\"},{\"@type\":\"ListItem\",\"position\":2,\"name\":\"Demografiefeste Arbeitsplatzgestaltung: Ergonomie am Arbeitsplatz als Schl\u00fcssel zum Erfolg\"}]},{\"@type\":\"WebSite\",\"@id\":\"https:\/\/www.boho-moebel.de\/blog\/#website\",\"url\":\"https:\/\/www.boho-moebel.de\/blog\/\",\"name\":\"boho office\u00ae\",\"description\":\"Magazin f\u00fcr B\u00fcro, Office, Arbeit\",\"potentialAction\":[{\"@type\":\"SearchAction\",\"target\":{\"@type\":\"EntryPoint\",\"urlTemplate\":\"https:\/\/www.boho-moebel.de\/blog\/?s={search_term_string}\"},\"query-input\":{\"@type\":\"PropertyValueSpecification\",\"valueRequired\":true,\"valueName\":\"search_term_string\"}}],\"inLanguage\":\"de\"},{\"@type\":\"Person\",\"@id\":\"https:\/\/www.boho-moebel.de\/blog\/#\/schema\/person\/17e748d9a472f27f76cdff1a41878165\",\"name\":\"Jonas Sommer\",\"image\":{\"@type\":\"ImageObject\",\"inLanguage\":\"de\",\"@id\":\"https:\/\/www.boho-moebel.de\/blog\/#\/schema\/person\/image\/\",\"url\":\"https:\/\/secure.gravatar.com\/avatar\/7e0ce621b6b32b69974d49b595ffa090a9b4c780f93524d1742482534575a121?s=96&d=mm&r=g\",\"contentUrl\":\"https:\/\/secure.gravatar.com\/avatar\/7e0ce621b6b32b69974d49b595ffa090a9b4c780f93524d1742482534575a121?s=96&d=mm&r=g\",\"caption\":\"Jonas Sommer\"},\"sameAs\":[\"https:\/\/www.boho-moebel.de\"],\"url\":\"https:\/\/www.boho-moebel.de\/blog\/author\/henrik\"}]}<\/script>\n<!-- \/ Yoast SEO plugin. -->","yoast_head_json":{"title":"Demografiefeste Arbeitsplatzgestaltung - boho office\u00ae","description":"Demografiefeste Arbeitsplatzgestaltung: Ergonomie am Arbeitsplatz als Schl\u00fcssel zum Erfolg mit h\u00f6henverstellbaren Schreibtischen.","robots":{"index":"index","follow":"follow","max-snippet":"max-snippet:-1","max-image-preview":"max-image-preview:large","max-video-preview":"max-video-preview:-1"},"canonical":"https:\/\/www.boho-moebel.de\/blog\/demografiefeste-arbeitsplatzgestaltung","og_locale":"de_DE","og_type":"article","og_title":"Demografiefeste Arbeitsplatzgestaltung - boho office\u00ae","og_description":"Demografiefeste Arbeitsplatzgestaltung: Ergonomie am Arbeitsplatz als Schl\u00fcssel zum Erfolg mit h\u00f6henverstellbaren Schreibtischen.","og_url":"https:\/\/www.boho-moebel.de\/blog\/demografiefeste-arbeitsplatzgestaltung","og_site_name":"boho office\u00ae","article_published_time":"2023-10-17T11:09:30+00:00","article_modified_time":"2025-04-08T12:58:10+00:00","og_image":[{"width":1800,"height":700,"url":"https:\/\/www.boho-moebel.de\/blog\/wp-content\/uploads\/header_demografie_01.jpg","type":"image\/jpeg"}],"author":"Jonas Sommer","twitter_card":"summary_large_image","twitter_misc":{"Verfasst von":"Jonas Sommer","Gesch\u00e4tzte Lesezeit":"4\u00a0Minuten"},"schema":{"@context":"https:\/\/schema.org","@graph":[{"@type":"Article","@id":"https:\/\/www.boho-moebel.de\/blog\/demografiefeste-arbeitsplatzgestaltung#article","isPartOf":{"@id":"https:\/\/www.boho-moebel.de\/blog\/demografiefeste-arbeitsplatzgestaltung"},"author":{"name":"Jonas Sommer","@id":"https:\/\/www.boho-moebel.de\/blog\/#\/schema\/person\/17e748d9a472f27f76cdff1a41878165"},"headline":"Demografiefeste Arbeitsplatzgestaltung: Ergonomie am Arbeitsplatz als Schl\u00fcssel zum Erfolg","datePublished":"2023-10-17T11:09:30+00:00","dateModified":"2025-04-08T12:58:10+00:00","mainEntityOfPage":{"@id":"https:\/\/www.boho-moebel.de\/blog\/demografiefeste-arbeitsplatzgestaltung"},"wordCount":649,"commentCount":0,"image":{"@id":"https:\/\/www.boho-moebel.de\/blog\/demografiefeste-arbeitsplatzgestaltung#primaryimage"},"thumbnailUrl":"https:\/\/www.boho-moebel.de\/blog\/wp-content\/uploads\/header_demografie_01.jpg","articleSection":["Gesundheit &amp; Ergonomie"],"inLanguage":"de","potentialAction":[{"@type":"CommentAction","name":"Comment","target":["https:\/\/www.boho-moebel.de\/blog\/demografiefeste-arbeitsplatzgestaltung#respond"]}]},{"@type":"WebPage","@id":"https:\/\/www.boho-moebel.de\/blog\/demografiefeste-arbeitsplatzgestaltung","url":"https:\/\/www.boho-moebel.de\/blog\/demografiefeste-arbeitsplatzgestaltung","name":"Demografiefeste Arbeitsplatzgestaltung - boho office\u00ae","isPartOf":{"@id":"https:\/\/www.boho-moebel.de\/blog\/#website"},"primaryImageOfPage":{"@id":"https:\/\/www.boho-moebel.de\/blog\/demografiefeste-arbeitsplatzgestaltung#primaryimage"},"image":{"@id":"https:\/\/www.boho-moebel.de\/blog\/demografiefeste-arbeitsplatzgestaltung#primaryimage"},"thumbnailUrl":"https:\/\/www.boho-moebel.de\/blog\/wp-content\/uploads\/header_demografie_01.jpg","datePublished":"2023-10-17T11:09:30+00:00","dateModified":"2025-04-08T12:58:10+00:00","author":{"@id":"https:\/\/www.boho-moebel.de\/blog\/#\/schema\/person\/17e748d9a472f27f76cdff1a41878165"},"description":"Demografiefeste Arbeitsplatzgestaltung: Ergonomie am Arbeitsplatz als Schl\u00fcssel zum Erfolg mit h\u00f6henverstellbaren Schreibtischen.","breadcrumb":{"@id":"https:\/\/www.boho-moebel.de\/blog\/demografiefeste-arbeitsplatzgestaltung#breadcrumb"},"inLanguage":"de","potentialAction":[{"@type":"ReadAction","target":["https:\/\/www.boho-moebel.de\/blog\/demografiefeste-arbeitsplatzgestaltung"]}]},{"@type":"ImageObject","inLanguage":"de","@id":"https:\/\/www.boho-moebel.de\/blog\/demografiefeste-arbeitsplatzgestaltung#primaryimage","url":"https:\/\/www.boho-moebel.de\/blog\/wp-content\/uploads\/header_demografie_01.jpg","contentUrl":"https:\/\/www.boho-moebel.de\/blog\/wp-content\/uploads\/header_demografie_01.jpg","width":1800,"height":700,"caption":"Eine demografiefeste Arbeitsgestaltung muss verschiedene Aspekte ber\u00fccksichtigen"},{"@type":"BreadcrumbList","@id":"https:\/\/www.boho-moebel.de\/blog\/demografiefeste-arbeitsplatzgestaltung#breadcrumb","itemListElement":[{"@type":"ListItem","position":1,"name":"Startseite","item":"https:\/\/www.boho-moebel.de\/blog"},{"@type":"ListItem","position":2,"name":"Demografiefeste Arbeitsplatzgestaltung: Ergonomie am Arbeitsplatz als Schl\u00fcssel zum Erfolg"}]},{"@type":"WebSite","@id":"https:\/\/www.boho-moebel.de\/blog\/#website","url":"https:\/\/www.boho-moebel.de\/blog\/","name":"boho office\u00ae","description":"Magazin f\u00fcr B\u00fcro, Office, Arbeit","potentialAction":[{"@type":"SearchAction","target":{"@type":"EntryPoint","urlTemplate":"https:\/\/www.boho-moebel.de\/blog\/?s={search_term_string}"},"query-input":{"@type":"PropertyValueSpecification","valueRequired":true,"valueName":"search_term_string"}}],"inLanguage":"de"},{"@type":"Person","@id":"https:\/\/www.boho-moebel.de\/blog\/#\/schema\/person\/17e748d9a472f27f76cdff1a41878165","name":"Jonas Sommer","image":{"@type":"ImageObject","inLanguage":"de","@id":"https:\/\/www.boho-moebel.de\/blog\/#\/schema\/person\/image\/","url":"https:\/\/secure.gravatar.com\/avatar\/7e0ce621b6b32b69974d49b595ffa090a9b4c780f93524d1742482534575a121?s=96&d=mm&r=g","contentUrl":"https:\/\/secure.gravatar.com\/avatar\/7e0ce621b6b32b69974d49b595ffa090a9b4c780f93524d1742482534575a121?s=96&d=mm&r=g","caption":"Jonas Sommer"},"sameAs":["https:\/\/www.boho-moebel.de"],"url":"https:\/\/www.boho-moebel.de\/blog\/author\/henrik"}]}},"_links":{"self":[{"href":"https:\/\/www.boho-moebel.de\/blog\/wp-json\/wp\/v2\/posts\/2531","targetHints":{"allow":["GET"]}}],"collection":[{"href":"https:\/\/www.boho-moebel.de\/blog\/wp-json\/wp\/v2\/posts"}],"about":[{"href":"https:\/\/www.boho-moebel.de\/blog\/wp-json\/wp\/v2\/types\/post"}],"author":[{"embeddable":true,"href":"https:\/\/www.boho-moebel.de\/blog\/wp-json\/wp\/v2\/users\/2"}],"replies":[{"embeddable":true,"href":"https:\/\/www.boho-moebel.de\/blog\/wp-json\/wp\/v2\/comments?post=2531"}],"version-history":[{"count":8,"href":"https:\/\/www.boho-moebel.de\/blog\/wp-json\/wp\/v2\/posts\/2531\/revisions"}],"predecessor-version":[{"id":4580,"href":"https:\/\/www.boho-moebel.de\/blog\/wp-json\/wp\/v2\/posts\/2531\/revisions\/4580"}],"wp:featuredmedia":[{"embeddable":true,"href":"https:\/\/www.boho-moebel.de\/blog\/wp-json\/wp\/v2\/media\/2532"}],"wp:attachment":[{"href":"https:\/\/www.boho-moebel.de\/blog\/wp-json\/wp\/v2\/media?parent=2531"}],"wp:term":[{"taxonomy":"category","embeddable":true,"href":"https:\/\/www.boho-moebel.de\/blog\/wp-json\/wp\/v2\/categories?post=2531"},{"taxonomy":"post_tag","embeddable":true,"href":"https:\/\/www.boho-moebel.de\/blog\/wp-json\/wp\/v2\/tags?post=2531"}],"curies":[{"name":"wp","href":"https:\/\/api.w.org\/{rel}","templated":true}]}}