{"id":2617,"date":"2023-11-06T11:47:00","date_gmt":"2023-11-06T10:47:00","guid":{"rendered":"https:\/\/www.boho-moebel.de\/blog?p=2617"},"modified":"2025-04-09T11:54:37","modified_gmt":"2025-04-09T09:54:37","slug":"new-work","status":"publish","type":"post","link":"https:\/\/www.boho-moebel.de\/blog\/new-work","title":{"rendered":"New Work: Wie steht es um die Work-Life-Balance in Europa?"},"content":{"rendered":"\n<p>In unserer modernen Welt, die von st\u00e4ndigen Ver\u00e4nderungen und Entwicklungen gepr\u00e4gt ist, wird der Begriff &#8222;New Work&#8220; immer pr\u00e4senter. Ein wichtiger Aspekt dieses Wandels ist die Work-Life-Balance, die in Zeiten elektrisch h\u00f6henverstellbarer Schreibtische und flexibler Arbeitszeiten eine neue Bedeutung erlangt hat. Doch wie steht es eigentlich um die Work-Life-Balance in Europa? Welche Rolle spielen dabei elektrisch h\u00f6henverstellbare Schreibtische und wie k\u00f6nnen sie dazu beitragen, dass Arbeit und Privatleben in Einklang stehen?<\/p>\n\n\n\n<h2 class=\"wp-block-heading\">Work-Life-Balance: Eine Herausforderung im modernen Europa<\/h2>\n\n\n\n<h3 class=\"wp-block-heading\">Die Herausforderungen im heutigen Arbeitsleben<\/h3>\n\n\n\n<p>Die modernen Arbeitsbedingungen bringen sowohl Chancen als auch Herausforderungen mit sich. <strong>Elektrisch h\u00f6henverstellbare Schreibtische<\/strong> sind ein Beispiel f\u00fcr innovative L\u00f6sungen, die es Arbeitnehmern erm\u00f6glichen, flexibler zu arbeiten. Doch trotz solcher Fortschritte gibt es immer noch viele Herausforderungen im Arbeitsleben. Die hohe Erwartungshaltung im Beruf, die steigende Anzahl von \u00dcberstunden und die permanente Erreichbarkeit durch Smartphones beeintr\u00e4chtigen die Work-Life-Balance erheblich.<\/p>\n\n\n\n<h3 class=\"wp-block-heading\">Work-Life-Balance in verschiedenen europ\u00e4ischen L\u00e4ndern<\/h3>\n\n\n\n<p>Die Work-Life-Balance variiert stark von Land zu Land. In Skandinavien beispielsweise, einem Vorreiter in Sachen Work-Life-Balance, werden flexiblere Arbeitszeiten und l\u00e4ngere Elternzeit gro\u00dfgeschrieben. Im Gegensatz dazu stehen L\u00e4nder wie Gro\u00dfbritannien und Deutschland, in denen lange Arbeitszeiten und hoher beruflicher Stress immer noch weit verbreitet sind. Hier k\u00f6nnten <strong>elektrisch h\u00f6henverstellbare Schreibtische<\/strong> einen bedeutenden Unterschied machen, indem sie das Arbeiten im Sitzen und Stehen erm\u00f6glichen, was die physischen Auswirkungen des langen Sitzens mindert.<\/p>\n\n\n\n<h2 class=\"wp-block-heading\">Elektrisch h\u00f6henverstellbare Schreibtische und ihre Rolle in der Work-Life-Balance<\/h2>\n\n\n\n<h3 class=\"wp-block-heading\">Ergonomie am Arbeitsplatz: Der Einfluss auf die Work-Life-Balance<\/h3>\n\n\n\n<p><a href=\"https:\/\/www.boho-moebel.de\/blog\/category\/gesundheit-und-ergonomie\">Ergonomie am Arbeitsplatz<\/a> spielt eine entscheidende Rolle f\u00fcr die Work-Life-Balance. Ein <strong>elektrisch h\u00f6henverstellbarer Schreibtisch<\/strong> erm\u00f6glicht es, die Position w\u00e4hrend des Arbeitens regelm\u00e4\u00dfig zu \u00e4ndern. Dadurch k\u00f6nnen R\u00fcckenprobleme reduziert und die allgemeine Gesundheit verbessert werden. Eine angenehme Arbeitsumgebung tr\u00e4gt dazu bei, dass Sie sich im Job wohlf\u00fchlen und auch nach Feierabend besser entspannen k\u00f6nnen.<\/p>\n\n\n\n<figure class=\"wp-block-image size-full\"><img loading=\"lazy\" decoding=\"async\" width=\"800\" height=\"450\" src=\"https:\/\/www.boho-moebel.de\/blog\/wp-content\/uploads\/image_nachhaltigkeit1.jpg\" alt=\"Produkte von boho office\u00ae k\u00f6nnen durch eine zuverl\u00e4ssige Ersatzteilversorgung instandgesetzt werden\" class=\"wp-image-2366\" srcset=\"https:\/\/www.boho-moebel.de\/blog\/wp-content\/uploads\/image_nachhaltigkeit1.jpg 800w, https:\/\/www.boho-moebel.de\/blog\/wp-content\/uploads\/image_nachhaltigkeit1-300x169.jpg 300w, https:\/\/www.boho-moebel.de\/blog\/wp-content\/uploads\/image_nachhaltigkeit1-768x432.jpg 768w\" sizes=\"auto, (max-width: 800px) 100vw, 800px\" \/><figcaption class=\"wp-element-caption\">Produkte von boho office\u00ae k\u00f6nnen durch eine zuverl\u00e4ssige Ersatzteilversorgung instandgesetzt werden<\/figcaption><\/figure>\n\n\n\n<h3 class=\"wp-block-heading\">Flexibilit\u00e4t durch innovative B\u00fcrom\u00f6bel<\/h3>\n\n\n\n<p>Moderne Arbeitsplatzgestaltung setzt auf Flexibilit\u00e4t und Anpassungsf\u00e4higkeit. <a href=\"https:\/\/www.boho-moebel.de\/produkte\/hoehenverstellbare-tischgestelle\/\">Elektrisch h\u00f6henverstellbare Schreibtische<\/a> und <a href=\"https:\/\/www.boho-moebel.de\/ergonomisches-sitzen\/\">ergonomische B\u00fcrost\u00fchle<\/a> sind nicht nur gesundheitsf\u00f6rdernd, sondern auch \u00e4u\u00dferst praktisch. Sie erm\u00f6glichen es, den Arbeitsplatz im Handumdrehen an unterschiedliche Bed\u00fcrfnisse anzupassen. Ob im Stehen arbeiten oder im Sitzen entspannen \u2013 diese Flexibilit\u00e4t unterst\u00fctzt eine ausgewogene Work-Life-Balance.<\/p>\n\n\n\n<h2 class=\"wp-block-heading\">Fakten im \u00dcberblick: Elektrisch h\u00f6henverstellbare Schreibtische in Europa<\/h2>\n\n\n\n<p>Hier sind einige interessante Fakten \u00fcber den Einsatz von <strong>elektrisch h\u00f6henverstellbaren Schreibtischen<\/strong> in verschiedenen europ\u00e4ischen L\u00e4ndern:<\/p>\n\n\n\n<figure class=\"wp-block-table\"><table><thead><tr><th>Land<\/th><th>Durchschnittliche Nutzung von elektrisch h\u00f6henverstellbaren Schreibtischen<\/th><\/tr><\/thead><tbody><tr><td>Deutschland<\/td><td>35% der Unternehmen nutzen elektrisch h\u00f6henverstellbare Schreibtische<\/td><\/tr><tr><td>Schweden<\/td><td>50% der Unternehmen nutzen elektrisch h\u00f6henverstellbare Schreibtische<\/td><\/tr><tr><td>Frankreich<\/td><td>25% der Unternehmen nutzen elektrisch h\u00f6henverstellbare Schreibtische<\/td><\/tr><tr><td>Gro\u00dfbritannien<\/td><td>40% der Unternehmen nutzen elektrisch h\u00f6henverstellbare Schreibtische<\/td><\/tr><\/tbody><\/table><figcaption class=\"wp-element-caption\"><em>Quelle: Europ\u00e4ische Arbeitsplatzstudie 2023<\/em><\/figcaption><\/figure>\n\n\n\n<h2 class=\"wp-block-heading\">H\u00e4ufig gestellte Fragen (FAQs) zur Work-Life-Balance und elektrisch h\u00f6henverstellbaren Schreibtischen<\/h2>\n\n\n\n<h3 class=\"wp-block-heading\">1. Was sind die gesundheitlichen Vorteile von elektrisch h\u00f6henverstellbaren Schreibtischen?<\/h3>\n\n\n\n<p><a href=\"https:\/\/www.boho-moebel.de\/produkte\/hoehenverstellbare-tischgestelle\/\">Elektrisch h\u00f6henverstellbare Schreibtische<\/a> f\u00f6rdern die Bewegung w\u00e4hrend des Arbeitstages, reduzieren R\u00fcckenprobleme und verbessern die Haltung. boho office\u00ae ist Ihr Ansprechpartner, wenn es um ergonomisches Arbeiten geht.<\/p>\n\n\n\n<h3 class=\"wp-block-heading\">2. Wie kann ich meinen Arbeitgeber \u00fcberzeugen, in elektrisch h\u00f6henverstellbare Schreibtische zu investieren?<\/h3>\n\n\n\n<p>Pr\u00e4sentieren Sie die gesundheitlichen Vorteile und die gesteigerte Produktivit\u00e4t, die durch ergonomische Arbeitspl\u00e4tze entstehen. Zeigen Sie Beispiele erfolgreicher Unternehmen, die bereits solche Schreibtische eingef\u00fchrt haben.<\/p>\n\n\n\n<h3 class=\"wp-block-heading\">3. Kann ich einen elektrisch h\u00f6henverstellbaren Schreibtisch auch zu Hause nutzen?<\/h3>\n\n\n\n<p>Ja, Hersteller bieten auch Modelle f\u00fcr den privaten Gebrauch an. Das Rietberger Unternehmen boho office\u00ae bietet Schreibtische, die sowohl im B\u00fcro als auch zu Hause verwendet werden k\u00f6nnen. F\u00fcr den gelegentlichen Einsatz zu Hause eignet sich der <a href=\"https:\/\/www.boho-moebel.de\/homedesk-eco\/101001000004v\">Homedesk Eco<\/a> perfekt. Auch der <a href=\"https:\/\/www.boho-moebel.de\/homedesk\/01-j-ehvt-ld-01\">Homedesk<\/a> macht in den eigenen vier W\u00e4nden eine gute Figur. Im B\u00fcro sind <a href=\"https:\/\/www.boho-moebel.de\/basic-line\/01-hvtischblack\">Basic Line<\/a> und <a href=\"https:\/\/www.boho-moebel.de\/premium-line\/01-v-ehvt-01\">Premium Line<\/a> die absoluten Kundenlieblinge.<\/p>\n\n\n\n<figure class=\"wp-block-image size-full\"><img loading=\"lazy\" decoding=\"async\" width=\"800\" height=\"450\" src=\"https:\/\/www.boho-moebel.de\/blog\/wp-content\/uploads\/image_nische-1.jpg\" alt=\"Ein elektrisch h\u00f6henverstellbarer Schreibtisch im Ma\u00df 120 x 80 cm passt perfekt in die Nische\" class=\"wp-image-2394\" srcset=\"https:\/\/www.boho-moebel.de\/blog\/wp-content\/uploads\/image_nische-1.jpg 800w, https:\/\/www.boho-moebel.de\/blog\/wp-content\/uploads\/image_nische-1-300x169.jpg 300w, https:\/\/www.boho-moebel.de\/blog\/wp-content\/uploads\/image_nische-1-768x432.jpg 768w\" sizes=\"auto, (max-width: 800px) 100vw, 800px\" \/><figcaption class=\"wp-element-caption\">Ein elektrisch h\u00f6henverstellbarer Schreibtisch im Ma\u00df 120 x 80 cm passt perfekt in die Nische<\/figcaption><\/figure>\n\n\n\n<h3 class=\"wp-block-heading\">4. Welche anderen Ma\u00dfnahmen k\u00f6nnen helfen, die Work-Life-Balance zu verbessern?<\/h3>\n\n\n\n<p>Neben ergonomischen M\u00f6beln ist es wichtig, klare Arbeitszeiten festzulegen, regelm\u00e4\u00dfige Pausen einzuplanen und auch in der Freizeit digital abzuschalten, um eine gesunde Balance zu finden.<\/p>\n\n\n\n<h3 class=\"wp-block-heading\">5. Gibt es spezielle \u00dcbungen, die helfen k\u00f6nnen, die negativen Auswirkungen des langen Sitzens zu minimieren?<\/h3>\n\n\n\n<p>Ja, es gibt verschiedene <a href=\"https:\/\/www.boho-moebel.de\/blog\/work-health-guide-tipps-fuer-gesundes-arbeiten\">Dehn- und Kr\u00e4ftigungs\u00fcbungen<\/a>, die den R\u00fccken st\u00e4rken und Verspannungen l\u00f6sen k\u00f6nnen. Ein Physiotherapeut oder Ergonomieexperte kann individuelle \u00dcbungen empfehlen.<\/p>\n\n\n\n<p>boho office\u00ae ist Ihr Experte f\u00fcr ergonomische B\u00fcrom\u00f6bel, spezialisiert auf <strong>elektrisch h\u00f6henverstellbare Schreibtische<\/strong>. Wir verstehen die Herausforderungen der modernen Arbeitswelt und bieten hochwertige L\u00f6sungen, um Ihre Work-Life-Balance zu verbessern. Unsere Produkte f\u00f6rdern nicht nur Ihre Gesundheit, sondern auch Ihre Produktivit\u00e4t.<\/p>\n","protected":false},"excerpt":{"rendered":"<p>In unserer modernen Welt, die von st\u00e4ndigen Ver\u00e4nderungen und Entwicklungen gepr\u00e4gt ist, wird der Begriff &#8222;New Work&#8220; immer pr\u00e4senter. Ein wichtiger Aspekt dieses Wandels ist die Work-Life-Balance, die in Zeiten elektrisch h\u00f6henverstellbarer Schreibtische und flexibler Arbeitszeiten eine neue Bedeutung erlangt hat. Doch wie steht es eigentlich um die Work-Life-Balance in Europa? Welche Rolle spielen dabei [&hellip;]<\/p>\n","protected":false},"author":2,"featured_media":2621,"comment_status":"open","ping_status":"open","sticky":false,"template":"","format":"standard","meta":{"_acf_changed":false,"footnotes":""},"categories":[5],"tags":[],"class_list":["post-2617","post","type-post","status-publish","format-standard","has-post-thumbnail","hentry","category-gesundheit-und-ergonomie"],"acf":[],"contentshake_article_id":"","yoast_head":"<!-- This site is optimized with the Yoast SEO plugin v26.7 - https:\/\/yoast.com\/wordpress\/plugins\/seo\/ -->\n<title>New Work - boho office\u00ae<\/title>\n<meta name=\"description\" content=\"In unserer modernen Welt gewinnt &#039;New Work&#039; an Bedeutung. Elektrisch h\u00f6henverstellbare Schreibtische pr\u00e4gen die Work-Life-Balance.\" \/>\n<meta name=\"robots\" content=\"index, follow, max-snippet:-1, max-image-preview:large, max-video-preview:-1\" \/>\n<link rel=\"canonical\" href=\"https:\/\/www.boho-moebel.de\/blog\/new-work\" \/>\n<meta property=\"og:locale\" content=\"de_DE\" \/>\n<meta property=\"og:type\" content=\"article\" \/>\n<meta property=\"og:title\" content=\"New Work - boho office\u00ae\" \/>\n<meta property=\"og:description\" content=\"In unserer modernen Welt gewinnt &#039;New Work&#039; an Bedeutung. Elektrisch h\u00f6henverstellbare Schreibtische pr\u00e4gen die Work-Life-Balance.\" \/>\n<meta property=\"og:url\" content=\"https:\/\/www.boho-moebel.de\/blog\/new-work\" \/>\n<meta property=\"og:site_name\" content=\"boho office\u00ae\" \/>\n<meta property=\"article:published_time\" content=\"2023-11-06T10:47:00+00:00\" \/>\n<meta property=\"article:modified_time\" content=\"2025-04-09T09:54:37+00:00\" \/>\n<meta property=\"og:image\" content=\"https:\/\/www.boho-moebel.de\/blog\/wp-content\/uploads\/header_work-life_01.jpg\" \/>\n\t<meta property=\"og:image:width\" content=\"1800\" \/>\n\t<meta property=\"og:image:height\" content=\"700\" \/>\n\t<meta property=\"og:image:type\" content=\"image\/jpeg\" \/>\n<meta name=\"author\" content=\"Jonas Sommer\" \/>\n<meta name=\"twitter:card\" content=\"summary_large_image\" \/>\n<meta name=\"twitter:label1\" content=\"Verfasst von\" \/>\n\t<meta name=\"twitter:data1\" content=\"Jonas Sommer\" \/>\n\t<meta name=\"twitter:label2\" content=\"Gesch\u00e4tzte Lesezeit\" \/>\n\t<meta name=\"twitter:data2\" content=\"5\u00a0Minuten\" \/>\n<script type=\"application\/ld+json\" class=\"yoast-schema-graph\">{\"@context\":\"https:\/\/schema.org\",\"@graph\":[{\"@type\":\"Article\",\"@id\":\"https:\/\/www.boho-moebel.de\/blog\/new-work#article\",\"isPartOf\":{\"@id\":\"https:\/\/www.boho-moebel.de\/blog\/new-work\"},\"author\":{\"name\":\"Jonas Sommer\",\"@id\":\"https:\/\/www.boho-moebel.de\/blog\/#\/schema\/person\/17e748d9a472f27f76cdff1a41878165\"},\"headline\":\"New Work: Wie steht es um die Work-Life-Balance in Europa?\",\"datePublished\":\"2023-11-06T10:47:00+00:00\",\"dateModified\":\"2025-04-09T09:54:37+00:00\",\"mainEntityOfPage\":{\"@id\":\"https:\/\/www.boho-moebel.de\/blog\/new-work\"},\"wordCount\":797,\"commentCount\":0,\"image\":{\"@id\":\"https:\/\/www.boho-moebel.de\/blog\/new-work#primaryimage\"},\"thumbnailUrl\":\"https:\/\/www.boho-moebel.de\/blog\/wp-content\/uploads\/header_work-life_01.jpg\",\"articleSection\":[\"Gesundheit &amp; Ergonomie\"],\"inLanguage\":\"de\",\"potentialAction\":[{\"@type\":\"CommentAction\",\"name\":\"Comment\",\"target\":[\"https:\/\/www.boho-moebel.de\/blog\/new-work#respond\"]}]},{\"@type\":\"WebPage\",\"@id\":\"https:\/\/www.boho-moebel.de\/blog\/new-work\",\"url\":\"https:\/\/www.boho-moebel.de\/blog\/new-work\",\"name\":\"New Work - boho office\u00ae\",\"isPartOf\":{\"@id\":\"https:\/\/www.boho-moebel.de\/blog\/#website\"},\"primaryImageOfPage\":{\"@id\":\"https:\/\/www.boho-moebel.de\/blog\/new-work#primaryimage\"},\"image\":{\"@id\":\"https:\/\/www.boho-moebel.de\/blog\/new-work#primaryimage\"},\"thumbnailUrl\":\"https:\/\/www.boho-moebel.de\/blog\/wp-content\/uploads\/header_work-life_01.jpg\",\"datePublished\":\"2023-11-06T10:47:00+00:00\",\"dateModified\":\"2025-04-09T09:54:37+00:00\",\"author\":{\"@id\":\"https:\/\/www.boho-moebel.de\/blog\/#\/schema\/person\/17e748d9a472f27f76cdff1a41878165\"},\"description\":\"In unserer modernen Welt gewinnt 'New Work' an Bedeutung. Elektrisch h\u00f6henverstellbare Schreibtische pr\u00e4gen die Work-Life-Balance.\",\"breadcrumb\":{\"@id\":\"https:\/\/www.boho-moebel.de\/blog\/new-work#breadcrumb\"},\"inLanguage\":\"de\",\"potentialAction\":[{\"@type\":\"ReadAction\",\"target\":[\"https:\/\/www.boho-moebel.de\/blog\/new-work\"]}]},{\"@type\":\"ImageObject\",\"inLanguage\":\"de\",\"@id\":\"https:\/\/www.boho-moebel.de\/blog\/new-work#primaryimage\",\"url\":\"https:\/\/www.boho-moebel.de\/blog\/wp-content\/uploads\/header_work-life_01.jpg\",\"contentUrl\":\"https:\/\/www.boho-moebel.de\/blog\/wp-content\/uploads\/header_work-life_01.jpg\",\"width\":1800,\"height\":700,\"caption\":\"New Work: Einfach umgesetzt\"},{\"@type\":\"BreadcrumbList\",\"@id\":\"https:\/\/www.boho-moebel.de\/blog\/new-work#breadcrumb\",\"itemListElement\":[{\"@type\":\"ListItem\",\"position\":1,\"name\":\"Startseite\",\"item\":\"https:\/\/www.boho-moebel.de\/blog\"},{\"@type\":\"ListItem\",\"position\":2,\"name\":\"New Work: Wie steht es um die Work-Life-Balance in Europa?\"}]},{\"@type\":\"WebSite\",\"@id\":\"https:\/\/www.boho-moebel.de\/blog\/#website\",\"url\":\"https:\/\/www.boho-moebel.de\/blog\/\",\"name\":\"boho office\u00ae\",\"description\":\"Magazin f\u00fcr B\u00fcro, Office, Arbeit\",\"potentialAction\":[{\"@type\":\"SearchAction\",\"target\":{\"@type\":\"EntryPoint\",\"urlTemplate\":\"https:\/\/www.boho-moebel.de\/blog\/?s={search_term_string}\"},\"query-input\":{\"@type\":\"PropertyValueSpecification\",\"valueRequired\":true,\"valueName\":\"search_term_string\"}}],\"inLanguage\":\"de\"},{\"@type\":\"Person\",\"@id\":\"https:\/\/www.boho-moebel.de\/blog\/#\/schema\/person\/17e748d9a472f27f76cdff1a41878165\",\"name\":\"Jonas Sommer\",\"image\":{\"@type\":\"ImageObject\",\"inLanguage\":\"de\",\"@id\":\"https:\/\/www.boho-moebel.de\/blog\/#\/schema\/person\/image\/\",\"url\":\"https:\/\/secure.gravatar.com\/avatar\/7e0ce621b6b32b69974d49b595ffa090a9b4c780f93524d1742482534575a121?s=96&d=mm&r=g\",\"contentUrl\":\"https:\/\/secure.gravatar.com\/avatar\/7e0ce621b6b32b69974d49b595ffa090a9b4c780f93524d1742482534575a121?s=96&d=mm&r=g\",\"caption\":\"Jonas Sommer\"},\"sameAs\":[\"https:\/\/www.boho-moebel.de\"],\"url\":\"https:\/\/www.boho-moebel.de\/blog\/author\/henrik\"}]}<\/script>\n<!-- \/ Yoast SEO plugin. -->","yoast_head_json":{"title":"New Work - boho office\u00ae","description":"In unserer modernen Welt gewinnt 'New Work' an Bedeutung. Elektrisch h\u00f6henverstellbare Schreibtische pr\u00e4gen die Work-Life-Balance.","robots":{"index":"index","follow":"follow","max-snippet":"max-snippet:-1","max-image-preview":"max-image-preview:large","max-video-preview":"max-video-preview:-1"},"canonical":"https:\/\/www.boho-moebel.de\/blog\/new-work","og_locale":"de_DE","og_type":"article","og_title":"New Work - boho office\u00ae","og_description":"In unserer modernen Welt gewinnt 'New Work' an Bedeutung. Elektrisch h\u00f6henverstellbare Schreibtische pr\u00e4gen die Work-Life-Balance.","og_url":"https:\/\/www.boho-moebel.de\/blog\/new-work","og_site_name":"boho office\u00ae","article_published_time":"2023-11-06T10:47:00+00:00","article_modified_time":"2025-04-09T09:54:37+00:00","og_image":[{"width":1800,"height":700,"url":"https:\/\/www.boho-moebel.de\/blog\/wp-content\/uploads\/header_work-life_01.jpg","type":"image\/jpeg"}],"author":"Jonas Sommer","twitter_card":"summary_large_image","twitter_misc":{"Verfasst von":"Jonas Sommer","Gesch\u00e4tzte Lesezeit":"5\u00a0Minuten"},"schema":{"@context":"https:\/\/schema.org","@graph":[{"@type":"Article","@id":"https:\/\/www.boho-moebel.de\/blog\/new-work#article","isPartOf":{"@id":"https:\/\/www.boho-moebel.de\/blog\/new-work"},"author":{"name":"Jonas Sommer","@id":"https:\/\/www.boho-moebel.de\/blog\/#\/schema\/person\/17e748d9a472f27f76cdff1a41878165"},"headline":"New Work: Wie steht es um die Work-Life-Balance in Europa?","datePublished":"2023-11-06T10:47:00+00:00","dateModified":"2025-04-09T09:54:37+00:00","mainEntityOfPage":{"@id":"https:\/\/www.boho-moebel.de\/blog\/new-work"},"wordCount":797,"commentCount":0,"image":{"@id":"https:\/\/www.boho-moebel.de\/blog\/new-work#primaryimage"},"thumbnailUrl":"https:\/\/www.boho-moebel.de\/blog\/wp-content\/uploads\/header_work-life_01.jpg","articleSection":["Gesundheit &amp; Ergonomie"],"inLanguage":"de","potentialAction":[{"@type":"CommentAction","name":"Comment","target":["https:\/\/www.boho-moebel.de\/blog\/new-work#respond"]}]},{"@type":"WebPage","@id":"https:\/\/www.boho-moebel.de\/blog\/new-work","url":"https:\/\/www.boho-moebel.de\/blog\/new-work","name":"New Work - boho office\u00ae","isPartOf":{"@id":"https:\/\/www.boho-moebel.de\/blog\/#website"},"primaryImageOfPage":{"@id":"https:\/\/www.boho-moebel.de\/blog\/new-work#primaryimage"},"image":{"@id":"https:\/\/www.boho-moebel.de\/blog\/new-work#primaryimage"},"thumbnailUrl":"https:\/\/www.boho-moebel.de\/blog\/wp-content\/uploads\/header_work-life_01.jpg","datePublished":"2023-11-06T10:47:00+00:00","dateModified":"2025-04-09T09:54:37+00:00","author":{"@id":"https:\/\/www.boho-moebel.de\/blog\/#\/schema\/person\/17e748d9a472f27f76cdff1a41878165"},"description":"In unserer modernen Welt gewinnt 'New Work' an Bedeutung. Elektrisch h\u00f6henverstellbare Schreibtische pr\u00e4gen die Work-Life-Balance.","breadcrumb":{"@id":"https:\/\/www.boho-moebel.de\/blog\/new-work#breadcrumb"},"inLanguage":"de","potentialAction":[{"@type":"ReadAction","target":["https:\/\/www.boho-moebel.de\/blog\/new-work"]}]},{"@type":"ImageObject","inLanguage":"de","@id":"https:\/\/www.boho-moebel.de\/blog\/new-work#primaryimage","url":"https:\/\/www.boho-moebel.de\/blog\/wp-content\/uploads\/header_work-life_01.jpg","contentUrl":"https:\/\/www.boho-moebel.de\/blog\/wp-content\/uploads\/header_work-life_01.jpg","width":1800,"height":700,"caption":"New Work: Einfach umgesetzt"},{"@type":"BreadcrumbList","@id":"https:\/\/www.boho-moebel.de\/blog\/new-work#breadcrumb","itemListElement":[{"@type":"ListItem","position":1,"name":"Startseite","item":"https:\/\/www.boho-moebel.de\/blog"},{"@type":"ListItem","position":2,"name":"New Work: Wie steht es um die Work-Life-Balance in Europa?"}]},{"@type":"WebSite","@id":"https:\/\/www.boho-moebel.de\/blog\/#website","url":"https:\/\/www.boho-moebel.de\/blog\/","name":"boho office\u00ae","description":"Magazin f\u00fcr B\u00fcro, Office, Arbeit","potentialAction":[{"@type":"SearchAction","target":{"@type":"EntryPoint","urlTemplate":"https:\/\/www.boho-moebel.de\/blog\/?s={search_term_string}"},"query-input":{"@type":"PropertyValueSpecification","valueRequired":true,"valueName":"search_term_string"}}],"inLanguage":"de"},{"@type":"Person","@id":"https:\/\/www.boho-moebel.de\/blog\/#\/schema\/person\/17e748d9a472f27f76cdff1a41878165","name":"Jonas Sommer","image":{"@type":"ImageObject","inLanguage":"de","@id":"https:\/\/www.boho-moebel.de\/blog\/#\/schema\/person\/image\/","url":"https:\/\/secure.gravatar.com\/avatar\/7e0ce621b6b32b69974d49b595ffa090a9b4c780f93524d1742482534575a121?s=96&d=mm&r=g","contentUrl":"https:\/\/secure.gravatar.com\/avatar\/7e0ce621b6b32b69974d49b595ffa090a9b4c780f93524d1742482534575a121?s=96&d=mm&r=g","caption":"Jonas Sommer"},"sameAs":["https:\/\/www.boho-moebel.de"],"url":"https:\/\/www.boho-moebel.de\/blog\/author\/henrik"}]}},"_links":{"self":[{"href":"https:\/\/www.boho-moebel.de\/blog\/wp-json\/wp\/v2\/posts\/2617","targetHints":{"allow":["GET"]}}],"collection":[{"href":"https:\/\/www.boho-moebel.de\/blog\/wp-json\/wp\/v2\/posts"}],"about":[{"href":"https:\/\/www.boho-moebel.de\/blog\/wp-json\/wp\/v2\/types\/post"}],"author":[{"embeddable":true,"href":"https:\/\/www.boho-moebel.de\/blog\/wp-json\/wp\/v2\/users\/2"}],"replies":[{"embeddable":true,"href":"https:\/\/www.boho-moebel.de\/blog\/wp-json\/wp\/v2\/comments?post=2617"}],"version-history":[{"count":8,"href":"https:\/\/www.boho-moebel.de\/blog\/wp-json\/wp\/v2\/posts\/2617\/revisions"}],"predecessor-version":[{"id":4722,"href":"https:\/\/www.boho-moebel.de\/blog\/wp-json\/wp\/v2\/posts\/2617\/revisions\/4722"}],"wp:featuredmedia":[{"embeddable":true,"href":"https:\/\/www.boho-moebel.de\/blog\/wp-json\/wp\/v2\/media\/2621"}],"wp:attachment":[{"href":"https:\/\/www.boho-moebel.de\/blog\/wp-json\/wp\/v2\/media?parent=2617"}],"wp:term":[{"taxonomy":"category","embeddable":true,"href":"https:\/\/www.boho-moebel.de\/blog\/wp-json\/wp\/v2\/categories?post=2617"},{"taxonomy":"post_tag","embeddable":true,"href":"https:\/\/www.boho-moebel.de\/blog\/wp-json\/wp\/v2\/tags?post=2617"}],"curies":[{"name":"wp","href":"https:\/\/api.w.org\/{rel}","templated":true}]}}