{"id":2803,"date":"2024-01-30T15:17:35","date_gmt":"2024-01-30T14:17:35","guid":{"rendered":"https:\/\/www.boho-moebel.de\/blog?p=2803"},"modified":"2025-04-08T15:00:25","modified_gmt":"2025-04-08T13:00:25","slug":"schreibtisch-steuer-absetzen","status":"publish","type":"post","link":"https:\/\/www.boho-moebel.de\/blog\/schreibtisch-steuer-absetzen","title":{"rendered":"Schreibtisch: Steuer absetzen"},"content":{"rendered":"\n<p>Arbeiten im Homeoffice ist heute f\u00fcr viele Arbeitnehmerinnen und Arbeitnehmer zur Normalit\u00e4t geworden. Mit dieser Ver\u00e4nderung stellt sich auch die Frage, welche Ausgaben im Zusammenhang mit dem Homeoffice steuerlich geltend gemacht werden k\u00f6nnen. Ein zentraler Punkt dabei ist die M\u00f6glichkeit, den <strong>Schreibtisch<\/strong> und weitere B\u00fcrom\u00f6bel von der Steuer abzusetzen.<\/p>\n\n\n\n<h2 class=\"wp-block-heading\">Ist ein Schreibtisch ein Arbeitsmittel?<\/h2>\n\n\n\n<p>Bevor wir uns mit der steuerlichen Absetzbarkeit auseinandersetzen, stellt sich die grundlegende Frage: <strong>Ist ein Schreibtisch ein Arbeitsmittel?<\/strong> Die Antwort lautet ja. Ein <a href=\"https:\/\/www.boho-moebel.de\/produkte\/hoehenverstellbare-tischgestelle\/\">Schreibtisch<\/a> gilt als unverzichtbares Arbeitsmittel f\u00fcr T\u00e4tigkeiten im B\u00fcro oder Homeoffice. Als solches kann er steuerlich geltend gemacht werden.<\/p>\n\n\n\n<figure class=\"wp-block-image size-large\"><img loading=\"lazy\" decoding=\"async\" width=\"1024\" height=\"683\" src=\"https:\/\/www.boho-moebel.de\/blog\/wp-content\/uploads\/image_der-richtige-schreibtisch_01-1024x683.jpg\" alt=\"Reduzieren Sie k\u00f6rperliche Belastungen durch einen h\u00f6henverstellbaren Schreibtisch\" class=\"wp-image-2257\" srcset=\"https:\/\/www.boho-moebel.de\/blog\/wp-content\/uploads\/image_der-richtige-schreibtisch_01-1024x683.jpg 1024w, https:\/\/www.boho-moebel.de\/blog\/wp-content\/uploads\/image_der-richtige-schreibtisch_01-300x200.jpg 300w, https:\/\/www.boho-moebel.de\/blog\/wp-content\/uploads\/image_der-richtige-schreibtisch_01-768x512.jpg 768w, https:\/\/www.boho-moebel.de\/blog\/wp-content\/uploads\/image_der-richtige-schreibtisch_01-1536x1024.jpg 1536w, https:\/\/www.boho-moebel.de\/blog\/wp-content\/uploads\/image_der-richtige-schreibtisch_01.jpg 1920w\" sizes=\"auto, (max-width: 1024px) 100vw, 1024px\" \/><figcaption class=\"wp-element-caption\">Reduzieren Sie k\u00f6rperliche Belastungen durch einen h\u00f6henverstellbaren Schreibtisch<\/figcaption><\/figure>\n\n\n\n<h3 class=\"wp-block-heading\">Kann man einen Schreibtisch f\u00fcr das Homeoffice absetzen?<\/h3>\n\n\n\n<p>Ja, Sie k\u00f6nnen Ihren <a href=\"https:\/\/www.boho-moebel.de\/produkte\/hoehenverstellbare-tischgestelle\/\">Schreibtisch<\/a> im Homeoffice steuerlich absetzen. Das Finanzamt erkennt Aufwendungen f\u00fcr ein h\u00e4usliches Arbeitszimmer sowie die darin befindlichen Arbeitsmittel an. Dazu z\u00e4hlt der Schreibtisch als zentrales Element des B\u00fcroequipments. Es ist jedoch wichtig zu beachten, dass das Arbeitszimmer ausschlie\u00dflich beruflich genutzt werden muss, um die Absetzbarkeit zu gew\u00e4hrleisten.<\/p>\n\n\n\n<h2 class=\"wp-block-heading\">Wo den Schreibtisch in der Steuererkl\u00e4rung angeben?<\/h2>\n\n\n\n<p>Die Angabe des Schreibtischs in der Steuererkl\u00e4rung erfolgt im Rahmen der Werbungskosten. Hier k\u00f6nnen die Kosten f\u00fcr das h\u00e4usliche Arbeitszimmer sowie f\u00fcr die darin befindlichen Arbeitsmittel, einschlie\u00dflich des Schreibtischs, angegeben werden. Die genaue Position variiert je nach Land, in Deutschland beispielsweise finden sich die entsprechenden Felder in der Anlage N.<\/p>\n\n\n\n<h3 class=\"wp-block-heading\">Wichtige Fakten:<\/h3>\n\n\n\n<figure class=\"wp-block-table\"><table><thead><tr><th><\/th><th>Information<\/th><\/tr><\/thead><tbody><tr><td><strong>Arbeitszimmer<\/strong><\/td><td>Muss ausschlie\u00dflich beruflich genutzt werden.<\/td><\/tr><tr><td><strong>Anlage N<\/strong><\/td><td>Hier werden Werbungskosten in der deutschen Steuererkl\u00e4rung angegeben.<\/td><\/tr><\/tbody><\/table><\/figure>\n\n\n\n<h2 class=\"wp-block-heading\">Kann man weitere B\u00fcrom\u00f6bel f\u00fcr das Homeoffice absetzen?<\/h2>\n\n\n\n<p>Neben dem Schreibtisch k\u00f6nnen auch weitere <strong>B\u00fcrom\u00f6bel f\u00fcr das Homeoffice<\/strong> steuerlich abgesetzt werden. Dazu geh\u00f6ren beispielsweise <a href=\"https:\/\/www.boho-moebel.de\/ergonomisches-sitzen\/\">B\u00fcrost\u00fchle<\/a>, <a href=\"https:\/\/www.boho-moebel.de\/produkte\/bueromoebelserie-be.smart\/\">Regale<\/a> und Lampen. Auch hier gilt die Bedingung, dass die M\u00f6bel ausschlie\u00dflich beruflich genutzt werden.<\/p>\n\n\n\n<figure class=\"wp-block-image size-full\"><img loading=\"lazy\" decoding=\"async\" width=\"800\" height=\"450\" src=\"https:\/\/www.boho-moebel.de\/blog\/wp-content\/uploads\/image_rollcontainer1.jpg\" alt=\"Perfektes Zusammenspiel: Rollcontainer und Schreibtisch\" class=\"wp-image-2423\" srcset=\"https:\/\/www.boho-moebel.de\/blog\/wp-content\/uploads\/image_rollcontainer1.jpg 800w, https:\/\/www.boho-moebel.de\/blog\/wp-content\/uploads\/image_rollcontainer1-300x169.jpg 300w, https:\/\/www.boho-moebel.de\/blog\/wp-content\/uploads\/image_rollcontainer1-768x432.jpg 768w\" sizes=\"auto, (max-width: 800px) 100vw, 800px\" \/><figcaption class=\"wp-element-caption\">Perfektes Zusammenspiel: Rollcontainer und Schreibtisch<\/figcaption><\/figure>\n\n\n\n<h3 class=\"wp-block-heading\">FAQ &#8211; H\u00e4ufig gestellte Fragen<\/h3>\n\n\n\n<h4 class=\"wp-block-heading\">1. Kann ich meinen Schreibtisch absetzen, wenn ich im Homeoffice nur teilweise arbeite?<\/h4>\n\n\n\n<p>Ja, auch bei einer teilweisen Nutzung im Homeoffice k\u00f6nnen Sie den <a href=\"https:\/\/www.boho-moebel.de\/produkte\/schreibtische\/\">Schreibtisch<\/a> absetzen. Es ist wichtig, dass die berufliche Nutzung \u00fcberwiegend ist.<\/p>\n\n\n\n<h4 class=\"wp-block-heading\">2. M\u00fcssen B\u00fcrom\u00f6bel neu sein, um sie absetzen zu k\u00f6nnen?<\/h4>\n\n\n\n<p>Nein, auch gebrauchte <a href=\"https:\/\/www.boho-moebel.de\/produkte\/bueromoebelserie-be.smart\/\">B\u00fcrom\u00f6bel<\/a> k\u00f6nnen steuerlich geltend gemacht werden. Entscheidend ist die ausschlie\u00dfliche berufliche Nutzung.<\/p>\n\n\n\n<h4 class=\"wp-block-heading\">3. Gilt die Regelung zur steuerlichen Absetzbarkeit von Schreibtisch auch f\u00fcr Selbstst\u00e4ndige?<\/h4>\n\n\n\n<p>Ja, auch Selbstst\u00e4ndige k\u00f6nnen die Kosten f\u00fcr ihren <a href=\"https:\/\/www.boho-moebel.de\/produkte\/schreibtische\/\">Schreibtisch<\/a> im Rahmen der Betriebsausgaben geltend machen.<\/p>\n\n\n\n<h4 class=\"wp-block-heading\">4. Wie hoch ist der steuerliche Abzug f\u00fcr den Schreibtisch im Homeoffice?<\/h4>\n\n\n\n<p>Die genaue H\u00f6he des Abzugs h\u00e4ngt von den individuellen Einkommensverh\u00e4ltnissen ab. Es erfolgt in der Regel eine prozentuale Ber\u00fccksichtigung der Kosten.<\/p>\n\n\n\n<h4 class=\"wp-block-heading\">5. Muss ich Belege f\u00fcr den Kauf des Schreibtischs einreichen?<\/h4>\n\n\n\n<p>Ja, es ist ratsam, Belege f\u00fcr den Kauf von Arbeitsmitteln wie dem <a href=\"https:\/\/www.boho-moebel.de\/produkte\/schreibtische\/\">Schreibtisch<\/a> aufzubewahren. Diese dienen als Nachweis gegen\u00fcber dem Finanzamt.<\/p>\n\n\n\n<figure class=\"wp-block-image size-large\"><img loading=\"lazy\" decoding=\"async\" width=\"1024\" height=\"398\" src=\"https:\/\/www.boho-moebel.de\/blog\/wp-content\/uploads\/header_homedesk-eco_01-1024x398.jpg\" alt=\"Homedesk Eco: Elektrisch h\u00f6henverstellbarer Schreibtisch\" class=\"wp-image-2437\" srcset=\"https:\/\/www.boho-moebel.de\/blog\/wp-content\/uploads\/header_homedesk-eco_01-1024x398.jpg 1024w, https:\/\/www.boho-moebel.de\/blog\/wp-content\/uploads\/header_homedesk-eco_01-300x117.jpg 300w, https:\/\/www.boho-moebel.de\/blog\/wp-content\/uploads\/header_homedesk-eco_01-768x299.jpg 768w, https:\/\/www.boho-moebel.de\/blog\/wp-content\/uploads\/header_homedesk-eco_01-1536x597.jpg 1536w, https:\/\/www.boho-moebel.de\/blog\/wp-content\/uploads\/header_homedesk-eco_01.jpg 1800w\" sizes=\"auto, (max-width: 1024px) 100vw, 1024px\" \/><\/figure>\n\n\n\n<h2 class=\"wp-block-heading\">boho office\u00ae \u2013 Ihr Partner f\u00fcr ergonomisches Homeoffice<\/h2>\n\n\n\n<p>boho office\u00ae ist Ihr Experte f\u00fcr ein ergonomisches Homeoffice. Unsere Ergonomieexperten stehen Ihnen mit Rat und Tat zur Seite, wenn es darum geht, <a href=\"https:\/\/www.boho-moebel.de\/alle-produkte\/\">Ihren Arbeitsplatz optimal zu gestalten<\/a>. Besuchen Sie unseren Onlineshop und entdecken Sie eine Vielzahl von hochwertigen Schreibtischen und B\u00fcrom\u00f6beln. Bei boho office\u00ae finden Sie nicht nur Produkte, sondern auch kompetente Beratung, um Ihr Homeoffice in eine Wohlf\u00fchloase zu verwandeln.<\/p>\n\n\n\n<p>Profitieren Sie von unserer langj\u00e4hrigen Erfahrung und lassen Sie sich von boho office\u00ae auf dem Weg zu einem gesunden und produktiven Arbeitsplatz begleiten. Wir setzen auf Qualit\u00e4t und Design, damit Sie nicht nur steuerliche Vorteile, sondern auch ein inspirierendes Arbeitsumfeld genie\u00dfen k\u00f6nnen.<\/p>\n","protected":false},"excerpt":{"rendered":"<p>Arbeiten im Homeoffice ist heute f\u00fcr viele Arbeitnehmerinnen und Arbeitnehmer zur Normalit\u00e4t geworden. Mit dieser Ver\u00e4nderung stellt sich auch die Frage, welche Ausgaben im Zusammenhang mit dem Homeoffice steuerlich geltend gemacht werden k\u00f6nnen. Ein zentraler Punkt dabei ist die M\u00f6glichkeit, den Schreibtisch und weitere B\u00fcrom\u00f6bel von der Steuer abzusetzen. Ist ein Schreibtisch ein Arbeitsmittel? Bevor [&hellip;]<\/p>\n","protected":false},"author":2,"featured_media":2806,"comment_status":"open","ping_status":"open","sticky":false,"template":"","format":"standard","meta":{"_acf_changed":false,"footnotes":""},"categories":[4],"tags":[],"class_list":["post-2803","post","type-post","status-publish","format-standard","has-post-thumbnail","hentry","category-tipps-tricks"],"acf":[],"contentshake_article_id":"","yoast_head":"<!-- This site is optimized with the Yoast SEO plugin v26.7 - https:\/\/yoast.com\/wordpress\/plugins\/seo\/ -->\n<title>Schreibtisch: Steuer absetzen - boho office\u00ae<\/title>\n<meta name=\"description\" content=\"Schreibtisch von der Steuer absetzen? Wir erkl\u00e4ren Ihnen, wie und wo Sie B\u00fcrom\u00f6bel von der Steuer absetzen k\u00f6nnen. Mehr erfahren!\" \/>\n<meta name=\"robots\" content=\"index, follow, max-snippet:-1, max-image-preview:large, max-video-preview:-1\" \/>\n<link rel=\"canonical\" href=\"https:\/\/www.boho-moebel.de\/blog\/schreibtisch-steuer-absetzen\" \/>\n<meta property=\"og:locale\" content=\"de_DE\" \/>\n<meta property=\"og:type\" content=\"article\" \/>\n<meta property=\"og:title\" content=\"Schreibtisch: Steuer absetzen - boho office\u00ae\" \/>\n<meta property=\"og:description\" content=\"Schreibtisch von der Steuer absetzen? Wir erkl\u00e4ren Ihnen, wie und wo Sie B\u00fcrom\u00f6bel von der Steuer absetzen k\u00f6nnen. Mehr erfahren!\" \/>\n<meta property=\"og:url\" content=\"https:\/\/www.boho-moebel.de\/blog\/schreibtisch-steuer-absetzen\" \/>\n<meta property=\"og:site_name\" content=\"boho office\u00ae\" \/>\n<meta property=\"article:published_time\" content=\"2024-01-30T14:17:35+00:00\" \/>\n<meta property=\"article:modified_time\" content=\"2025-04-08T13:00:25+00:00\" \/>\n<meta property=\"og:image\" content=\"https:\/\/www.boho-moebel.de\/blog\/wp-content\/uploads\/header_schreibtisch-absetzen.jpg\" \/>\n\t<meta property=\"og:image:width\" content=\"1800\" \/>\n\t<meta property=\"og:image:height\" content=\"700\" \/>\n\t<meta property=\"og:image:type\" content=\"image\/jpeg\" \/>\n<meta name=\"author\" content=\"Jonas Sommer\" \/>\n<meta name=\"twitter:card\" content=\"summary_large_image\" \/>\n<meta name=\"twitter:label1\" content=\"Verfasst von\" \/>\n\t<meta name=\"twitter:data1\" content=\"Jonas Sommer\" \/>\n\t<meta name=\"twitter:label2\" content=\"Gesch\u00e4tzte Lesezeit\" \/>\n\t<meta name=\"twitter:data2\" content=\"4\u00a0Minuten\" \/>\n<script type=\"application\/ld+json\" class=\"yoast-schema-graph\">{\"@context\":\"https:\/\/schema.org\",\"@graph\":[{\"@type\":\"Article\",\"@id\":\"https:\/\/www.boho-moebel.de\/blog\/schreibtisch-steuer-absetzen#article\",\"isPartOf\":{\"@id\":\"https:\/\/www.boho-moebel.de\/blog\/schreibtisch-steuer-absetzen\"},\"author\":{\"name\":\"Jonas Sommer\",\"@id\":\"https:\/\/www.boho-moebel.de\/blog\/#\/schema\/person\/17e748d9a472f27f76cdff1a41878165\"},\"headline\":\"Schreibtisch: Steuer absetzen\",\"datePublished\":\"2024-01-30T14:17:35+00:00\",\"dateModified\":\"2025-04-08T13:00:25+00:00\",\"mainEntityOfPage\":{\"@id\":\"https:\/\/www.boho-moebel.de\/blog\/schreibtisch-steuer-absetzen\"},\"wordCount\":622,\"commentCount\":0,\"image\":{\"@id\":\"https:\/\/www.boho-moebel.de\/blog\/schreibtisch-steuer-absetzen#primaryimage\"},\"thumbnailUrl\":\"https:\/\/www.boho-moebel.de\/blog\/wp-content\/uploads\/header_schreibtisch-absetzen.jpg\",\"articleSection\":[\"Tipps &amp; Tricks\"],\"inLanguage\":\"de\",\"potentialAction\":[{\"@type\":\"CommentAction\",\"name\":\"Comment\",\"target\":[\"https:\/\/www.boho-moebel.de\/blog\/schreibtisch-steuer-absetzen#respond\"]}]},{\"@type\":\"WebPage\",\"@id\":\"https:\/\/www.boho-moebel.de\/blog\/schreibtisch-steuer-absetzen\",\"url\":\"https:\/\/www.boho-moebel.de\/blog\/schreibtisch-steuer-absetzen\",\"name\":\"Schreibtisch: Steuer absetzen - boho office\u00ae\",\"isPartOf\":{\"@id\":\"https:\/\/www.boho-moebel.de\/blog\/#website\"},\"primaryImageOfPage\":{\"@id\":\"https:\/\/www.boho-moebel.de\/blog\/schreibtisch-steuer-absetzen#primaryimage\"},\"image\":{\"@id\":\"https:\/\/www.boho-moebel.de\/blog\/schreibtisch-steuer-absetzen#primaryimage\"},\"thumbnailUrl\":\"https:\/\/www.boho-moebel.de\/blog\/wp-content\/uploads\/header_schreibtisch-absetzen.jpg\",\"datePublished\":\"2024-01-30T14:17:35+00:00\",\"dateModified\":\"2025-04-08T13:00:25+00:00\",\"author\":{\"@id\":\"https:\/\/www.boho-moebel.de\/blog\/#\/schema\/person\/17e748d9a472f27f76cdff1a41878165\"},\"description\":\"Schreibtisch von der Steuer absetzen? Wir erkl\u00e4ren Ihnen, wie und wo Sie B\u00fcrom\u00f6bel von der Steuer absetzen k\u00f6nnen. Mehr erfahren!\",\"breadcrumb\":{\"@id\":\"https:\/\/www.boho-moebel.de\/blog\/schreibtisch-steuer-absetzen#breadcrumb\"},\"inLanguage\":\"de\",\"potentialAction\":[{\"@type\":\"ReadAction\",\"target\":[\"https:\/\/www.boho-moebel.de\/blog\/schreibtisch-steuer-absetzen\"]}]},{\"@type\":\"ImageObject\",\"inLanguage\":\"de\",\"@id\":\"https:\/\/www.boho-moebel.de\/blog\/schreibtisch-steuer-absetzen#primaryimage\",\"url\":\"https:\/\/www.boho-moebel.de\/blog\/wp-content\/uploads\/header_schreibtisch-absetzen.jpg\",\"contentUrl\":\"https:\/\/www.boho-moebel.de\/blog\/wp-content\/uploads\/header_schreibtisch-absetzen.jpg\",\"width\":1800,\"height\":700,\"caption\":\"Schreibtisch von der Steuer absetzen\"},{\"@type\":\"BreadcrumbList\",\"@id\":\"https:\/\/www.boho-moebel.de\/blog\/schreibtisch-steuer-absetzen#breadcrumb\",\"itemListElement\":[{\"@type\":\"ListItem\",\"position\":1,\"name\":\"Startseite\",\"item\":\"https:\/\/www.boho-moebel.de\/blog\"},{\"@type\":\"ListItem\",\"position\":2,\"name\":\"Schreibtisch: Steuer absetzen\"}]},{\"@type\":\"WebSite\",\"@id\":\"https:\/\/www.boho-moebel.de\/blog\/#website\",\"url\":\"https:\/\/www.boho-moebel.de\/blog\/\",\"name\":\"boho office\u00ae\",\"description\":\"Magazin f\u00fcr B\u00fcro, Office, Arbeit\",\"potentialAction\":[{\"@type\":\"SearchAction\",\"target\":{\"@type\":\"EntryPoint\",\"urlTemplate\":\"https:\/\/www.boho-moebel.de\/blog\/?s={search_term_string}\"},\"query-input\":{\"@type\":\"PropertyValueSpecification\",\"valueRequired\":true,\"valueName\":\"search_term_string\"}}],\"inLanguage\":\"de\"},{\"@type\":\"Person\",\"@id\":\"https:\/\/www.boho-moebel.de\/blog\/#\/schema\/person\/17e748d9a472f27f76cdff1a41878165\",\"name\":\"Jonas Sommer\",\"image\":{\"@type\":\"ImageObject\",\"inLanguage\":\"de\",\"@id\":\"https:\/\/www.boho-moebel.de\/blog\/#\/schema\/person\/image\/\",\"url\":\"https:\/\/secure.gravatar.com\/avatar\/7e0ce621b6b32b69974d49b595ffa090a9b4c780f93524d1742482534575a121?s=96&d=mm&r=g\",\"contentUrl\":\"https:\/\/secure.gravatar.com\/avatar\/7e0ce621b6b32b69974d49b595ffa090a9b4c780f93524d1742482534575a121?s=96&d=mm&r=g\",\"caption\":\"Jonas Sommer\"},\"sameAs\":[\"https:\/\/www.boho-moebel.de\"],\"url\":\"https:\/\/www.boho-moebel.de\/blog\/author\/henrik\"}]}<\/script>\n<!-- \/ Yoast SEO plugin. -->","yoast_head_json":{"title":"Schreibtisch: Steuer absetzen - boho office\u00ae","description":"Schreibtisch von der Steuer absetzen? Wir erkl\u00e4ren Ihnen, wie und wo Sie B\u00fcrom\u00f6bel von der Steuer absetzen k\u00f6nnen. Mehr erfahren!","robots":{"index":"index","follow":"follow","max-snippet":"max-snippet:-1","max-image-preview":"max-image-preview:large","max-video-preview":"max-video-preview:-1"},"canonical":"https:\/\/www.boho-moebel.de\/blog\/schreibtisch-steuer-absetzen","og_locale":"de_DE","og_type":"article","og_title":"Schreibtisch: Steuer absetzen - boho office\u00ae","og_description":"Schreibtisch von der Steuer absetzen? Wir erkl\u00e4ren Ihnen, wie und wo Sie B\u00fcrom\u00f6bel von der Steuer absetzen k\u00f6nnen. Mehr erfahren!","og_url":"https:\/\/www.boho-moebel.de\/blog\/schreibtisch-steuer-absetzen","og_site_name":"boho office\u00ae","article_published_time":"2024-01-30T14:17:35+00:00","article_modified_time":"2025-04-08T13:00:25+00:00","og_image":[{"width":1800,"height":700,"url":"https:\/\/www.boho-moebel.de\/blog\/wp-content\/uploads\/header_schreibtisch-absetzen.jpg","type":"image\/jpeg"}],"author":"Jonas Sommer","twitter_card":"summary_large_image","twitter_misc":{"Verfasst von":"Jonas Sommer","Gesch\u00e4tzte Lesezeit":"4\u00a0Minuten"},"schema":{"@context":"https:\/\/schema.org","@graph":[{"@type":"Article","@id":"https:\/\/www.boho-moebel.de\/blog\/schreibtisch-steuer-absetzen#article","isPartOf":{"@id":"https:\/\/www.boho-moebel.de\/blog\/schreibtisch-steuer-absetzen"},"author":{"name":"Jonas Sommer","@id":"https:\/\/www.boho-moebel.de\/blog\/#\/schema\/person\/17e748d9a472f27f76cdff1a41878165"},"headline":"Schreibtisch: Steuer absetzen","datePublished":"2024-01-30T14:17:35+00:00","dateModified":"2025-04-08T13:00:25+00:00","mainEntityOfPage":{"@id":"https:\/\/www.boho-moebel.de\/blog\/schreibtisch-steuer-absetzen"},"wordCount":622,"commentCount":0,"image":{"@id":"https:\/\/www.boho-moebel.de\/blog\/schreibtisch-steuer-absetzen#primaryimage"},"thumbnailUrl":"https:\/\/www.boho-moebel.de\/blog\/wp-content\/uploads\/header_schreibtisch-absetzen.jpg","articleSection":["Tipps &amp; Tricks"],"inLanguage":"de","potentialAction":[{"@type":"CommentAction","name":"Comment","target":["https:\/\/www.boho-moebel.de\/blog\/schreibtisch-steuer-absetzen#respond"]}]},{"@type":"WebPage","@id":"https:\/\/www.boho-moebel.de\/blog\/schreibtisch-steuer-absetzen","url":"https:\/\/www.boho-moebel.de\/blog\/schreibtisch-steuer-absetzen","name":"Schreibtisch: Steuer absetzen - boho office\u00ae","isPartOf":{"@id":"https:\/\/www.boho-moebel.de\/blog\/#website"},"primaryImageOfPage":{"@id":"https:\/\/www.boho-moebel.de\/blog\/schreibtisch-steuer-absetzen#primaryimage"},"image":{"@id":"https:\/\/www.boho-moebel.de\/blog\/schreibtisch-steuer-absetzen#primaryimage"},"thumbnailUrl":"https:\/\/www.boho-moebel.de\/blog\/wp-content\/uploads\/header_schreibtisch-absetzen.jpg","datePublished":"2024-01-30T14:17:35+00:00","dateModified":"2025-04-08T13:00:25+00:00","author":{"@id":"https:\/\/www.boho-moebel.de\/blog\/#\/schema\/person\/17e748d9a472f27f76cdff1a41878165"},"description":"Schreibtisch von der Steuer absetzen? Wir erkl\u00e4ren Ihnen, wie und wo Sie B\u00fcrom\u00f6bel von der Steuer absetzen k\u00f6nnen. Mehr erfahren!","breadcrumb":{"@id":"https:\/\/www.boho-moebel.de\/blog\/schreibtisch-steuer-absetzen#breadcrumb"},"inLanguage":"de","potentialAction":[{"@type":"ReadAction","target":["https:\/\/www.boho-moebel.de\/blog\/schreibtisch-steuer-absetzen"]}]},{"@type":"ImageObject","inLanguage":"de","@id":"https:\/\/www.boho-moebel.de\/blog\/schreibtisch-steuer-absetzen#primaryimage","url":"https:\/\/www.boho-moebel.de\/blog\/wp-content\/uploads\/header_schreibtisch-absetzen.jpg","contentUrl":"https:\/\/www.boho-moebel.de\/blog\/wp-content\/uploads\/header_schreibtisch-absetzen.jpg","width":1800,"height":700,"caption":"Schreibtisch von der Steuer absetzen"},{"@type":"BreadcrumbList","@id":"https:\/\/www.boho-moebel.de\/blog\/schreibtisch-steuer-absetzen#breadcrumb","itemListElement":[{"@type":"ListItem","position":1,"name":"Startseite","item":"https:\/\/www.boho-moebel.de\/blog"},{"@type":"ListItem","position":2,"name":"Schreibtisch: Steuer absetzen"}]},{"@type":"WebSite","@id":"https:\/\/www.boho-moebel.de\/blog\/#website","url":"https:\/\/www.boho-moebel.de\/blog\/","name":"boho office\u00ae","description":"Magazin f\u00fcr B\u00fcro, Office, Arbeit","potentialAction":[{"@type":"SearchAction","target":{"@type":"EntryPoint","urlTemplate":"https:\/\/www.boho-moebel.de\/blog\/?s={search_term_string}"},"query-input":{"@type":"PropertyValueSpecification","valueRequired":true,"valueName":"search_term_string"}}],"inLanguage":"de"},{"@type":"Person","@id":"https:\/\/www.boho-moebel.de\/blog\/#\/schema\/person\/17e748d9a472f27f76cdff1a41878165","name":"Jonas Sommer","image":{"@type":"ImageObject","inLanguage":"de","@id":"https:\/\/www.boho-moebel.de\/blog\/#\/schema\/person\/image\/","url":"https:\/\/secure.gravatar.com\/avatar\/7e0ce621b6b32b69974d49b595ffa090a9b4c780f93524d1742482534575a121?s=96&d=mm&r=g","contentUrl":"https:\/\/secure.gravatar.com\/avatar\/7e0ce621b6b32b69974d49b595ffa090a9b4c780f93524d1742482534575a121?s=96&d=mm&r=g","caption":"Jonas Sommer"},"sameAs":["https:\/\/www.boho-moebel.de"],"url":"https:\/\/www.boho-moebel.de\/blog\/author\/henrik"}]}},"_links":{"self":[{"href":"https:\/\/www.boho-moebel.de\/blog\/wp-json\/wp\/v2\/posts\/2803","targetHints":{"allow":["GET"]}}],"collection":[{"href":"https:\/\/www.boho-moebel.de\/blog\/wp-json\/wp\/v2\/posts"}],"about":[{"href":"https:\/\/www.boho-moebel.de\/blog\/wp-json\/wp\/v2\/types\/post"}],"author":[{"embeddable":true,"href":"https:\/\/www.boho-moebel.de\/blog\/wp-json\/wp\/v2\/users\/2"}],"replies":[{"embeddable":true,"href":"https:\/\/www.boho-moebel.de\/blog\/wp-json\/wp\/v2\/comments?post=2803"}],"version-history":[{"count":5,"href":"https:\/\/www.boho-moebel.de\/blog\/wp-json\/wp\/v2\/posts\/2803\/revisions"}],"predecessor-version":[{"id":4634,"href":"https:\/\/www.boho-moebel.de\/blog\/wp-json\/wp\/v2\/posts\/2803\/revisions\/4634"}],"wp:featuredmedia":[{"embeddable":true,"href":"https:\/\/www.boho-moebel.de\/blog\/wp-json\/wp\/v2\/media\/2806"}],"wp:attachment":[{"href":"https:\/\/www.boho-moebel.de\/blog\/wp-json\/wp\/v2\/media?parent=2803"}],"wp:term":[{"taxonomy":"category","embeddable":true,"href":"https:\/\/www.boho-moebel.de\/blog\/wp-json\/wp\/v2\/categories?post=2803"},{"taxonomy":"post_tag","embeddable":true,"href":"https:\/\/www.boho-moebel.de\/blog\/wp-json\/wp\/v2\/tags?post=2803"}],"curies":[{"name":"wp","href":"https:\/\/api.w.org\/{rel}","templated":true}]}}