{"id":5480,"date":"2026-05-01T09:00:00","date_gmt":"2026-05-01T07:00:00","guid":{"rendered":"https:\/\/www.boho-moebel.de\/blog\/?p=5480"},"modified":"2026-04-13T08:34:14","modified_gmt":"2026-04-13T06:34:14","slug":"nackenschmerzen-im-buero-arbeitsplatz-in-15-minuten-optimieren-2","status":"publish","type":"post","link":"https:\/\/www.boho-moebel.de\/blog\/nackenschmerzen-im-buero-arbeitsplatz-in-15-minuten-optimieren-2","title":{"rendered":"Nackenschmerzen im B\u00fcro: Arbeitsplatz in 15 Minuten optimieren"},"content":{"rendered":"\n<section class=\"contents-overview\">\n<p class=\"intro-summary\">Dieser Beitrag zeigt B\u00fcro- und Homeoffice-Nutzern, wie sie Nackenschmerzen durch eine ergonomische Bildschirm- und Arbeitsplatz-Einstellung schnell reduzieren. Er erkl\u00e4rt die h\u00e4ufigsten Ursachen wie falsche Monitorh\u00f6he, ung\u00fcnstigen Abstand und fehlendes Nachf\u00fchren von Sitz- und Stehposition und liefert eine 15-Minuten-Checkliste inklusive Laptop-Setup und Kabelmanagement f\u00fcr dauerhaft bessere Haltung.<\/p>\n<p class=\"intro-heading\"><strong>Kernaussagen<\/strong><\/p>\n<ul class=\"intro-highlights\">\n<li>Nackenschmerzen entstehen meist durch kleine, dauerhafte Fehlbelastungen wie zu niedrige Bildschirme, falsche Tischh\u00f6he und ung\u00fcnstige Blickwinkel.<\/li>\n<li>Der gr\u00f6\u00dfte Hebel ist die Monitorh\u00f6he: Die obere Bildschirmkante sollte ungef\u00e4hr auf Augenh\u00f6he liegen, damit Kopf und Halswirbels\u00e4ule neutral bleiben.<\/li>\n<li>Ein leichter Abblick von etwa 10 bis 30 Grad ist sinnvoll, solange nur die Augen nach unten gehen und der Kopf nicht nach vorne abknickt.<\/li>\n<li>Monitorabstand (als Startpunkt etwa eine Arml\u00e4nge) sowie Tastatur- und Mausposition m\u00fcssen so passen, dass Schultern locker bleiben und kein Vorbeugen n\u00f6tig ist.<\/li>\n<li>Damit Verbesserungen halten, m\u00fcssen Schreibtisch und Monitor f\u00fcr Sitzen und Stehen nachgef\u00fchrt werden; einfaches Kabelmanagement verhindert, dass Ger\u00e4te wieder aus der idealen Position gezogen werden.<\/li>\n<\/ul>\n<\/section>\n\n\n\n<p>Nackenschmerzen entstehen im B\u00fcroalltag h\u00e4ufig nicht \u201epl\u00f6tzlich\u201c, sondern durch viele kleine Belastungen: ein zu niedriger Bildschirm, ein ung\u00fcnstiger Blickwinkel, ein zu gro\u00dfer oder zu kleiner Abstand und ein Schreibtisch, der im Sitzen passt, im Stehen aber nicht nachgef\u00fchrt wird. Die gute Nachricht: Mit wenigen, klaren Handgriffen k\u00f6nnen Sie Ihren Arbeitsplatz so einrichten, dass Kopf und Halswirbels\u00e4ule entlastet werden.<\/p>\n\n\n\n<p>Dieser Artikel f\u00fchrt Sie in einer praktischen Reihenfolge durch die wichtigsten Stellschrauben \u2013 inklusive schneller Homeoffice-L\u00f6sungen (Laptop-St\u00e4nder\/Monitoraufsatz) und einem Mini-Setup f\u00fcrs Kabelmanagement, damit Ihre optimale Position auch dauerhaft bleibt.<\/p>\n\n\n\n<div class=\"wp-block-columns is-layout-flex wp-container-core-columns-is-layout-28f84493 wp-block-columns-is-layout-flex\">\n<div class=\"wp-block-column is-layout-flow wp-block-column-is-layout-flow\">\n<h2 class=\"wp-block-heading\">Warum Nackenschmerzen am Arbeitsplatz so h\u00e4ufig sind<\/h2>\n\n\n\n<p>Der Nacken reagiert empfindlich auf Dauerhaltungen. Sobald der Kopf dauerhaft leicht nach vorne oder unten \u201ewandert\u201c, steigt die Belastung auf Muskulatur und Strukturen der Halswirbels\u00e4ule. Typische Ausl\u00f6ser sind:<\/p>\n\n\n\n<ul class=\"wp-block-list\">\n<li>Bildschirm zu tief: Sie schauen st\u00e4ndig nach unten, der Kopf kippt nach vorne.<\/li>\n\n\n\n<li>Tisch zu hoch: Schultern werden unbewusst hochgezogen.<\/li>\n\n\n\n<li>Tisch zu niedrig: Sie beugen sich nach vorne, um n\u00e4her an den Bildschirm zu kommen.<\/li>\n\n\n\n<li>Laptop-Nutzung ohne externe Tastatur\/Maus: Sie \u201efalten\u201c sich automatisch zusammen.<\/li>\n\n\n\n<li>Unordnung und Kabelzug: Monitor oder Laptop werden immer wieder aus der idealen Position gezogen.<\/li>\n<\/ul>\n\n\n\n<p>Wenn Sie diese Punkte systematisch korrigieren, reduzieren Sie h\u00e4ufig die Ursache, nicht nur das Symptom.<\/p>\n<\/div>\n\n\n\n<div class=\"wp-block-column is-layout-flow wp-block-column-is-layout-flow\">\n<figure class=\"wp-block-image size-full\"><img loading=\"lazy\" decoding=\"async\" width=\"800\" height=\"450\" src=\"https:\/\/www.boho-moebel.de\/blog\/wp-content\/uploads\/stenose_02.jpg\" alt=\"Rolle der Ergonomie\" class=\"wp-image-4103\" srcset=\"https:\/\/www.boho-moebel.de\/blog\/wp-content\/uploads\/stenose_02.jpg 800w, https:\/\/www.boho-moebel.de\/blog\/wp-content\/uploads\/stenose_02-300x169.jpg 300w, https:\/\/www.boho-moebel.de\/blog\/wp-content\/uploads\/stenose_02-768x432.jpg 768w\" sizes=\"auto, (max-width: 800px) 100vw, 800px\" \/><\/figure>\n<\/div>\n<\/div>\n\n\n\n<h2 class=\"wp-block-heading\">Checkliste: In 15 Minuten zu einer nackenfreundlichen Bildschirmposition<\/h2>\n\n\n\n<p>Gehen Sie die Schritte in der Reihenfolge durch. Wichtig: \u00c4ndern Sie immer nur eine Sache und pr\u00fcfen Sie kurz, ob sich Ihre Haltung verbessert.<\/p>\n\n\n\n<h3 class=\"wp-block-heading\">Schritt 1: Monitorh\u00f6he korrekt einstellen (Augenh\u00f6he als Referenz)<\/h3>\n\n\n\n<p>F\u00fcr viele ist das der gr\u00f6\u00dfte Hebel, wenn es um <strong>Nackenschmerzen<\/strong> geht. Ziel ist eine neutrale Kopfhaltung, ohne \u201eVorschieben\u201c des Kinns.<\/p>\n\n\n\n<p>So gehen Sie vor:<\/p>\n\n\n\n<ul class=\"wp-block-list\">\n<li>Setzen oder stellen Sie sich so hin, wie Sie sp\u00e4ter arbeiten m\u00f6chten (nicht \u201eextra gerade\u201c).<\/li>\n\n\n\n<li>Blicken Sie entspannt geradeaus.<\/li>\n\n\n\n<li>Positionieren Sie den Monitor so, dass die obere Bildschirmkante ungef\u00e4hr auf Augenh\u00f6he liegt.<\/li>\n<\/ul>\n\n\n\n<p><strong>Wenn A, dann B:<\/strong><\/p>\n\n\n\n<ul class=\"wp-block-list\">\n<li>Wenn Sie einen Laptop nutzen: Dann brauchen Sie praktisch immer eine Erh\u00f6hung (Laptop-St\u00e4nder oder stabiler Monitoraufsatz) \u2013 sonst bleibt der Bildschirm zu tief.<\/li>\n\n\n\n<li>Wenn Sie mit Gleitsichtbrille arbeiten: Dann kann ein minimal tieferer Monitor sinnvoll sein, damit Sie nicht den Kopf in den Nacken legen. Starten Sie trotzdem in der N\u00e4he der Augenh\u00f6he und korrigieren Sie in kleinen Schritten.<\/li>\n<\/ul>\n\n\n\n<h3 class=\"wp-block-heading\">Schritt 2: 10\u201330\u00b0 Abblick einstellen (ohne den Kopf abzuknicken)<\/h3>\n\n\n\n<p>Als n\u00e4chstes kommt der Blickwinkel. Ein leichter Abblick ist ergonomisch sinnvoll. Entscheidend ist, dass der Kopf dabei nicht nach vorne \u201eabkippt\u201c.<\/p>\n\n\n\n<p>So pr\u00fcfen Sie es:<\/p>\n\n\n\n<ul class=\"wp-block-list\">\n<li>Halten Sie den Kopf \u201ehoch\u201c, als w\u00fcrde ein Faden Sie am Hinterkopf nach oben ziehen.<\/li>\n\n\n\n<li>Senken Sie nur die Augen, nicht den Kopf.<\/li>\n\n\n\n<li>Ihr Blick sollte typischerweise in einem Bereich von etwa 10\u201330\u00b0 nach unten auf den Arbeitsbereich fallen.<\/li>\n<\/ul>\n\n\n\n<p><strong>Wenn A, dann B:<\/strong><\/p>\n\n\n\n<ul class=\"wp-block-list\">\n<li>Wenn Sie merken, dass Sie den Kopf senken m\u00fcssen, um den Text zu lesen: Dann ist der Monitor meist zu tief oder zu weit weg.<\/li>\n\n\n\n<li>Wenn Sie eher nach oben schauen: Dann ist der Monitor zu hoch oder steht zu nah.<\/li>\n<\/ul>\n\n\n\n<h3 class=\"wp-block-heading\">Schritt 3: Abstand testen (Arml\u00e4nge als schneller Praxistest)<\/h3>\n\n\n\n<p>Der Abstand beeinflusst, ob Sie sich nach vorne schieben oder zur\u00fccklehnen. Als praxistauglicher Startpunkt hat sich bew\u00e4hrt: ungef\u00e4hr eine Arml\u00e4nge.<\/p>\n\n\n\n<p>So setzen Sie es um:<\/p>\n\n\n\n<ul class=\"wp-block-list\">\n<li>Strecken Sie den Arm nach vorne aus.<\/li>\n\n\n\n<li>Ihre Fingerspitzen sollten den Bildschirm ungef\u00e4hr erreichen (je nach Monitorgr\u00f6\u00dfe leicht variieren).<\/li>\n\n\n\n<li>Achten Sie darauf, dass Sie nicht automatisch den Kopf nach vorne schieben, um \u201esch\u00e4rfer\u201c zu sehen.<\/li>\n<\/ul>\n\n\n\n<p><strong>Wenn A, dann B:<\/strong><\/p>\n\n\n\n<ul class=\"wp-block-list\">\n<li>Wenn Sie sich nach vorne beugen: Dann stellen Sie den Monitor n\u00e4her oder erh\u00f6hen Sie Schriftgr\u00f6\u00dfe\/Zoom.<\/li>\n\n\n\n<li>Wenn Sie die Augen zusammenkneifen: Dann erh\u00f6hen Sie den Zoom und pr\u00fcfen Sie den Abstand erneut, statt den Kopf nach vorne zu schieben.<\/li>\n<\/ul>\n\n\n\n<h3 class=\"wp-block-heading\">Schritt 4: Tastatur und Maus so platzieren, dass Schultern locker bleiben<\/h3>\n\n\n\n<p>Selbst bei perfekter Monitorh\u00f6he k\u00f6nnen Nackenschmerzen bleiben, wenn Ihre Schultern st\u00e4ndig \u201emitarbeiten\u201c.<\/p>\n\n\n\n<p>So kontrollieren Sie Ihre Armhaltung:<\/p>\n\n\n\n<ul class=\"wp-block-list\">\n<li>Ellenbogen ungef\u00e4hr im 90-Grad-Winkel (oder leicht ge\u00f6ffnet).<\/li>\n\n\n\n<li>Unterarme m\u00f6glichst parallel zum Boden.<\/li>\n\n\n\n<li>Schultern bewusst sinken lassen, Handgelenke neutral.<\/li>\n<\/ul>\n\n\n\n<p><strong>Wenn A, dann B:<\/strong><\/p>\n\n\n\n<ul class=\"wp-block-list\">\n<li>Wenn Ihre Schultern hochziehen: Dann ist der Tisch zu hoch oder die Armauflage fehlt.<\/li>\n\n\n\n<li>Wenn Sie sich nach vorne strecken: Dann sind Tastatur\/Maus zu weit weg \u2013 ziehen Sie alles n\u00e4her an den K\u00f6rper.<\/li>\n<\/ul>\n\n\n\n<h2 class=\"wp-block-heading\">Schreibtisch richtig nachf\u00fchren: Sitzen und Stehen sauber einstellen<\/h2>\n\n\n\n<p>Ein h\u00e4ufiger Grund, warum Verbesserungen nicht halten: Der Arbeitsplatz passt nur in einer Position. Sobald Sie stehen, ver\u00e4ndert sich alles und der Nacken macht wieder \u201emit\u201c.<\/p>\n\n\n\n<h3 class=\"wp-block-heading\">Schritt 5: Sitzposition einstellen (Basis f\u00fcr alles Weitere)<\/h3>\n\n\n\n<p>Richten Sie zuerst das Sitzen ein, weil Sie davon ausgehend auch das Stehen leichter justieren.<\/p>\n\n\n\n<p>Pr\u00fcfpunkte:<\/p>\n\n\n\n<ul class=\"wp-block-list\">\n<li>F\u00fc\u00dfe stehen flach auf dem Boden.<\/li>\n\n\n\n<li>Knie etwa im rechten Winkel.<\/li>\n\n\n\n<li>R\u00fccken ist gest\u00fctzt (bei Bedarf mit Lendenst\u00fctze\/Lendenkissen).<\/li>\n\n\n\n<li>Tischh\u00f6he so, dass Unterarme entspannt aufliegen k\u00f6nnen, ohne dass die Schultern hochgehen.<\/li>\n<\/ul>\n\n\n\n<h3 class=\"wp-block-heading\">Schritt 6: Richtig im Stehen arbeiten (Schreibtischh\u00f6he nachf\u00fchren)<\/h3>\n\n\n\n<p>Beim Stehen gilt das gleiche Prinzip wie im Sitzen: Unterarme entspannt, Schultern locker, Kopf neutral.<\/p>\n\n\n\n<p>So finden Sie die passende H\u00f6he:<\/p>\n\n\n\n<ul class=\"wp-block-list\">\n<li>Stellen Sie sich aufrecht hin, Gewicht gleichm\u00e4\u00dfig verteilt.<\/li>\n\n\n\n<li>Ellenbogen anwinkeln, Unterarme nach vorne.<\/li>\n\n\n\n<li>Fahren Sie den Schreibtisch so, dass Ihre H\u00e4nde bequem auf Tastatur\/Maus liegen, ohne Druck in den Schultern.<\/li>\n<\/ul>\n\n\n\n<p><strong>Wenn A, dann B:<\/strong><\/p>\n\n\n\n<ul class=\"wp-block-list\">\n<li>Wenn Sie im Stehen nach unten \u201eeinknicken\u201c: Dann ist der Tisch zu niedrig.<\/li>\n\n\n\n<li>Wenn Sie im Stehen die Schultern hochziehen: Dann ist der Tisch zu hoch.<\/li>\n\n\n\n<li>Wenn Sie im Stehen n\u00e4her an den Bildschirm gehen m\u00fcssen: Dann stimmt meist der Monitorabstand nicht mehr. Monitorposition nachziehen, nicht den K\u00f6rper.<\/li>\n<\/ul>\n\n\n\n<p>Praxis-Tipp: Speichern Sie (falls m\u00f6glich) eine Sitz- und eine Stehh\u00f6he als feste Positionen. Das reduziert t\u00e4gliche \u201ePi-mal-Daumen\u201c-Einstellungen.<\/p>\n\n\n\n<div class=\"wp-block-columns is-layout-flex wp-container-core-columns-is-layout-28f84493 wp-block-columns-is-layout-flex\">\n<div class=\"wp-block-column is-layout-flow wp-block-column-is-layout-flow\">\n<h2 class=\"wp-block-heading\">Schnelle L\u00f6sungen f\u00fcrs Homeoffice (ohne Umbau)<\/h2>\n\n\n\n<p>Nicht jeder hat sofort einen perfekten Aufbau. Mit diesen pragmatischen Ma\u00dfnahmen kommen Sie schnell in eine deutlich bessere Position.<\/p>\n\n\n\n<h3 class=\"wp-block-heading\">Laptop-Setup in 3 Teilen (empfohlen, wenn Sie mehr als kurz arbeiten)<\/h3>\n\n\n\n<ul class=\"wp-block-list\">\n<li>Laptop-St\u00e4nder oder stabiler Monitoraufsatz, um den Bildschirm anzuheben<\/li>\n\n\n\n<li>Externe Tastatur<\/li>\n\n\n\n<li>Externe Maus<\/li>\n<\/ul>\n<\/div>\n\n\n\n<div class=\"wp-block-column is-layout-flow wp-block-column-is-layout-flow\">        <div class=\"sw6-product-tile\">\n            <div class=\"sw6-product-tile__inner\">\n                \n                                    <div class=\"sw6-product-tile__image\">\n                        <a href=\"https:\/\/www.boho-moebel.de\/hydesk-multistand\/101080000013010\" target=\"_blank\" rel=\"noopener\">\n                            <img decoding=\"async\" src=\"https:\/\/boho-moebel.imgbolt.de\/media\/45\/60\/00\/1726577952\/bild01_hydesk_schwarz_3000x2000.jpg?ts=1726577952\" \n                                 alt=\"hydesk \u2013 Multistand\"\n                                 loading=\"lazy\">\n                        <\/a>\n                    <\/div>\n                                \n                <div class=\"sw6-product-tile__content\">\n                    \n                    <h3 class=\"sw6-product-tile__title\">\n                        <a href=\"https:\/\/www.boho-moebel.de\/hydesk-multistand\/101080000013010\" target=\"_blank\" rel=\"noopener\">\n                            hydesk \u2013 Multistand                        <\/a>\n                    <\/h3>\n                    \n                                        \n                                            <div class=\"sw6-product-tile__description\">\n                            Ergonomischer Laptopst\u00e4nder mit vertikaler Ablage, nachhaltig und stilvoll handgefertigt.                        <\/div>\n                                        \n                    <div class=\"sw6-product-tile__footer\">\n                        <a href=\"https:\/\/www.boho-moebel.de\/hydesk-multistand\/101080000013010\" \n                           class=\"sw6-product-tile__button\" \n                           target=\"_blank\" \n                           rel=\"noopener\">\n                            Zum Produkt\n                        <\/a>\n                    <\/div>\n                    \n                <\/div>\n                \n            <\/div>\n        <\/div>\n        \n                \n        \n<\/div>\n<\/div>\n\n\n\n<p><strong>Wenn A, dann B:<\/strong><\/p>\n\n\n\n<ul class=\"wp-block-list\">\n<li>Wenn Sie nur den Laptop erh\u00f6hen, aber Tastatur\/Maus am Laptop lassen: Dann wandern Ihre Arme nach oben \u2013 das kann Schultern und Nacken wieder belasten. In dem Fall unbedingt externe Eingabeger\u00e4te erg\u00e4nzen.<\/li>\n<\/ul>\n\n\n\n<h3 class=\"wp-block-heading\">Monitoraufsatz: sinnvoll, wenn Sie \u201ezu niedrig\u201c nicht anders l\u00f6sen k\u00f6nnen<\/h3>\n\n\n\n<p>Ein Monitoraufsatz (oder eine stabile Erh\u00f6hung) ist besonders dann hilfreich, wenn:<\/p>\n\n\n\n<ul class=\"wp-block-list\">\n<li>Ihr Monitorfu\u00df nicht hoch genug geht,<\/li>\n\n\n\n<li>Sie im Stehen arbeiten und der Monitor dann deutlich zu tief ist,<\/li>\n\n\n\n<li>Sie Ihre Monitorh\u00f6he konstant halten m\u00f6chten.<\/li>\n<\/ul>\n\n\n\n<p>Achten Sie auf Standfestigkeit und ausreichend Tiefe, damit der Monitor nicht \u201ewandert\u201c.<\/p>\n\n\n\n<h2 class=\"wp-block-heading\">Mini-Setup f\u00fcrs Kabelmanagement, damit die Position dauerhaft bleibt<\/h2>\n\n\n\n<p>Ein untersch\u00e4tzter Ausl\u00f6ser f\u00fcr schleichende Fehlhaltungen ist Kabelzug: Ein straffes Ladekabel zieht den Laptop nach links, ein HDMI-Kabel begrenzt die Monitorposition und nach zwei Tagen steht alles wieder falsch.<\/p>\n\n\n\n<p>So bekommen Sie Ihre Kabel am Schreibtisch ordentlich (in 10 Minuten):<\/p>\n\n\n\n<ul class=\"wp-block-list\">\n<li>Fixieren Sie Kabel unter der Tischplatte (Kabelclips oder Klettbinder).<\/li>\n\n\n\n<li>Legen Sie eine \u201eService-Schlaufe\u201c: ein kleiner Spielraum, damit beim Hochfahren im Stehen nichts spannt.<\/li>\n\n\n\n<li>B\u00fcndeln Sie nur dort, wo Bewegung nicht n\u00f6tig ist (z. B. Richtung Steckdose).<\/li>\n\n\n\n<li>Positionieren Sie Mehrfachsteckdose so, dass kein Kabel quer \u00fcber die Arbeitsfl\u00e4che l\u00e4uft.<\/li>\n<\/ul>\n\n\n\n<p>Ergebnis: Ihr Monitor bleibt dort, wo Sie ihn eingestellt haben \u2013 und Ihre <strong><a href=\"https:\/\/www.boho-moebel.de\/\">Ablage organisieren<\/a><\/strong> Sie nebenbei gleich mit, weil weniger \u201eKabelsalat\u201c die Arbeitsfl\u00e4che freier macht.<\/p>\n\n\n\n<h2 class=\"wp-block-heading\">Umsetzungsh\u00fcrden: Was tun, wenn es trotzdem nicht passt?<\/h2>\n\n\n\n<ul class=\"wp-block-list\">\n<li><p><strong>\u201eIch teile mir den Tisch und kann nichts umbauen.\u201c<\/strong><br>Arbeiten Sie mit reversiblen L\u00f6sungen: Laptop-St\u00e4nder, externe Eingabeger\u00e4te, kompakte Kabelclips. Alles ist in Minuten auf- und abgebaut.<\/p><\/li>\n\n\n\n<li><p><strong>\u201eIch vergesse das Stehen oder die Pausen.\u201c<\/strong><br>Stellen Sie einen Timer auf 30\u201360 Minuten. Kurzes Aufstehen, Schultern kreisen, Nacken sanft bewegen \u2013 konsequent ist besser als perfekt.<\/p><\/li>\n\n\n\n<li><p><strong>\u201eIch finde keine Einstellung, die sich gut anf\u00fchlt.\u201c<\/strong><br>Starten Sie mit Monitorh\u00f6he und Tischh\u00f6he (Schultern locker). Danach Abstand\/Zoom. H\u00e4ufig liegt es nicht an \u201eIhnen\u201c, sondern an der Reihenfolge der Anpassung.<\/p><\/li>\n<\/ul>\n\n\n\n<h2 class=\"wp-block-heading\">Fazit: Ihre n\u00e4chsten Schritte gegen Nackenschmerzen<\/h2>\n\n\n\n<p>Wenn Sie <strong>Nackenschmerzen<\/strong> am Arbeitsplatz reduzieren m\u00f6chten, setzen Sie heute diese drei Punkte um:<\/p>\n\n\n\n<ol class=\"wp-block-list\">\n<li>Bringen Sie den Monitor auf Augenh\u00f6he und pr\u00fcfen Sie den leichten Abblick, ohne den Kopf zu senken.<\/li>\n\n\n\n<li>Testen Sie Abstand und Eingabeger\u00e4te-Position, bis Schultern und Nacken sp\u00fcrbar entspannen.<\/li>\n\n\n\n<li>F\u00fchren Sie den Schreibtisch f\u00fcr Sitzen und Stehen konsequent nach \u2013 und sichern Sie die Position mit einfachem Kabelmanagement.<\/li>\n<\/ol>\n\n\n\n<p>Wenn Sie danach noch Beschwerden haben oder die Schmerzen ausstrahlen, taub werden oder anhalten, lassen Sie das medizinisch abkl\u00e4ren. F\u00fcr den Alltag gilt: Ein sauber eingestellter Arbeitsplatz ist keine K\u00fcr, sondern die Grundlage f\u00fcr konzentriertes, dauerhaft gesundes Arbeiten \u2013 im B\u00fcro wie im Homeoffice.<\/p>\n\n\n\n<div class=\"wp-block-columns is-layout-flex wp-container-core-columns-is-layout-28f84493 wp-block-columns-is-layout-flex\">\n<div class=\"wp-block-column is-layout-flow wp-block-column-is-layout-flow\">        <div class=\"sw6-product-tile\">\n            <div class=\"sw6-product-tile__inner\">\n                \n                                    <div class=\"sw6-product-tile__image\">\n                        <a href=\"https:\/\/www.boho-moebel.de\/premium-line-mit-tischplatte-melaminharz-beschichtet\/komb-v03-tp120-we\" target=\"_blank\" rel=\"noopener\">\n                            <img decoding=\"async\" src=\"https:\/\/boho-moebel.imgbolt.de\/media\/f7\/e3\/8e\/1726732398\/PL_Kombi_120_Wildeiche-Melamin_weiss_01_3000x2000.jpg?ts=1726732398\" \n                                 alt=\"Premium Line mit Tischplatte Melaminharz beschichtet\"\n                                 loading=\"lazy\">\n                        <\/a>\n                    <\/div>\n                                \n                <div class=\"sw6-product-tile__content\">\n                    \n                    <h3 class=\"sw6-product-tile__title\">\n                        <a href=\"https:\/\/www.boho-moebel.de\/premium-line-mit-tischplatte-melaminharz-beschichtet\/komb-v03-tp120-we\" target=\"_blank\" rel=\"noopener\">\n                            Premium Line mit Tischplatte Melaminharz beschichtet                        <\/a>\n                    <\/h3>\n                    \n                                        \n                                            <div class=\"sw6-product-tile__description\">\n                            Massive Konstruktion \"Made in Germany\", mit zwei Elektromotoren und Schnellmontage.                        <\/div>\n                                        \n                    <div class=\"sw6-product-tile__footer\">\n                        <a href=\"https:\/\/www.boho-moebel.de\/premium-line-mit-tischplatte-melaminharz-beschichtet\/komb-v03-tp120-we\" \n                           class=\"sw6-product-tile__button\" \n                           target=\"_blank\" \n                           rel=\"noopener\">\n                            Zum Produkt\n                        <\/a>\n                    <\/div>\n                    \n                <\/div>\n                \n            <\/div>\n        <\/div>\n        \n                \n        \n<\/div>\n\n\n\n<div class=\"wp-block-column is-layout-flow wp-block-column-is-layout-flow\">        <div class=\"sw6-product-tile\">\n            <div class=\"sw6-product-tile__inner\">\n                \n                                    <div class=\"sw6-product-tile__image\">\n                        <a href=\"https:\/\/www.boho-moebel.de\/premium-line-mit-tischplatte-melaminharz-beschichtet\/komb-v03-tp180-we\" target=\"_blank\" rel=\"noopener\">\n                            <img decoding=\"async\" src=\"https:\/\/boho-moebel.imgbolt.de\/media\/16\/80\/fc\/1726813217\/PL_Kombi_180_Wildeiche-Melamin_weiss_01_3000x2000.jpg?ts=1726813217\" \n                                 alt=\"Premium Line mit Tischplatte Melaminharz beschichtet\"\n                                 loading=\"lazy\">\n                        <\/a>\n                    <\/div>\n                                \n                <div class=\"sw6-product-tile__content\">\n                    \n                    <h3 class=\"sw6-product-tile__title\">\n                        <a href=\"https:\/\/www.boho-moebel.de\/premium-line-mit-tischplatte-melaminharz-beschichtet\/komb-v03-tp180-we\" target=\"_blank\" rel=\"noopener\">\n                            Premium Line mit Tischplatte Melaminharz beschichtet                        <\/a>\n                    <\/h3>\n                    \n                                        \n                                            <div class=\"sw6-product-tile__description\">\n                            Massive Konstruktion \"Made in Germany\", mit zwei Elektromotoren und Schnellmontage.                        <\/div>\n                                        \n                    <div class=\"sw6-product-tile__footer\">\n                        <a href=\"https:\/\/www.boho-moebel.de\/premium-line-mit-tischplatte-melaminharz-beschichtet\/komb-v03-tp180-we\" \n                           class=\"sw6-product-tile__button\" \n                           target=\"_blank\" \n                           rel=\"noopener\">\n                            Zum Produkt\n                        <\/a>\n                    <\/div>\n                    \n                <\/div>\n                \n            <\/div>\n        <\/div>\n        \n                \n        \n<\/div>\n<\/div>\n\n\n\n<div class=\"most-recent-questions\">\n<h2>H\u00e4ufige Fragen zum Thema<\/h2>\n<h3>Welche Monitorh\u00f6he hilft am schnellsten gegen Nackenschmerzen im B\u00fcro?<\/h3>\n<p>Stellen Sie den Monitor so ein, dass die obere Bildschirmkante ungef\u00e4hr auf Augenh\u00f6he liegt, w\u00e4hrend Sie in Ihrer normalen Arbeitshaltung sitzen oder stehen. So bleibt der Kopf eher neutral und das Kinn schiebt nicht nach vorne. Wenn Sie mit Gleitsichtbrille arbeiten, kann der Monitor leicht tiefer besser sein, damit Sie den Kopf nicht in den Nacken legen.<\/p>\n<h3>Woran merke ich, dass mein Bildschirm zu tief steht und meine Nackenschmerzen verst\u00e4rkt?<\/h3>\n<p>Typisch ist, dass Sie dauerhaft nach unten schauen und der Kopf dabei nach vorne kippt. Oft \u201ewandert\u201c das Kinn Richtung Brust oder Sie rutschen automatisch nach vorne, um besser zu lesen. In dem Fall Monitor anheben und zus\u00e4tzlich Schriftgr\u00f6\u00dfe\/Zoom pr\u00fcfen, statt den Kopf zu senken.<\/p>\n<h3>Welcher Monitorabstand ist sinnvoll, wenn ich wegen Nackenschmerzen nicht st\u00e4ndig nach vorne gehen will?<\/h3>\n<p>Ein praxistauglicher Startpunkt ist etwa eine Arml\u00e4nge Abstand: Mit ausgestrecktem Arm sollten Ihre Fingerspitzen den Bildschirm ungef\u00e4hr erreichen. Wenn Sie sich trotzdem nach vorne beugen, stellen Sie den Monitor etwas n\u00e4her oder erh\u00f6hen Sie den Zoom. Kneifen Sie die Augen zusammen, ist meist Zoom\/Schriftgr\u00f6\u00dfe die bessere L\u00f6sung als \u201eKopf vorschieben\u201c.<\/p>\n<h3>Ich arbeite viel am Laptop: Was ist das Minimum-Setup, um Nackenschmerzen zu reduzieren?<\/h3>\n<p>Erh\u00f6hen Sie den Laptop (St\u00e4nder\/Monitoraufsatz), damit der Bildschirm hoch genug kommt, und nutzen Sie eine externe Tastatur sowie eine externe Maus. Nur den Laptop hochzustellen reicht meist nicht, weil dann die Arme zu hoch wandern und Schultern\/Nacken wieder verspannen. Mit den drei Teilen bekommen Sie Bildschirmh\u00f6he und Armhaltung gleichzeitig in eine gute Position.<\/p>\n<h3>Warum bekomme ich im Stehen wieder Nackenschmerzen, obwohl es im Sitzen passt?<\/h3>\n<p>H\u00e4ufig wird der Schreibtisch beim Wechsel ins Stehen nicht korrekt nachgef\u00fchrt, sodass Tastatur\/Maus zu hoch oder zu niedrig sind. Dann ziehen Sie die Schultern hoch oder knicken nach vorne ein, was den Nacken wieder belastet. Stellen Sie im Stehen die Tischh\u00f6he so ein, dass die Unterarme entspannt aufliegen, und ziehen Sie bei Bedarf auch den Monitorabstand nach.<\/p>\n<h3>Wie sollten Tastatur und Maus liegen, damit die Schultern locker bleiben und Nackenschmerzen nachlassen?<\/h3>\n<p>Platzieren Sie Tastatur und Maus so, dass die Ellenbogen etwa bei 90 Grad (oder leicht ge\u00f6ffnet) bleiben und die Unterarme m\u00f6glichst parallel zum Boden sind. Wenn die Schultern hochziehen, ist der Tisch oft zu hoch oder es fehlt eine gute Armauflage. Wenn Sie sich nach vorne strecken, ziehen Sie Eingabeger\u00e4te n\u00e4her an den K\u00f6rper.<\/p>\n<h3>Kann schlechtes Kabelmanagement wirklich Nackenschmerzen verursachen \u2013 und was hilft schnell?<\/h3>\n<p>Ja, Kabelzug kann Monitor oder Laptop schleichend aus der idealen Position ziehen, sodass Sie unbemerkt wieder in eine Fehlhaltung geraten. Fixieren Sie Kabel unter der Tischplatte mit Clips oder Klettbindern und lassen Sie eine kleine \u201eService-Schlaufe\u201c, damit beim Hochfahren nichts spannt. So bleibt die eingestellte Position stabil und Sie m\u00fcssen nicht st\u00e4ndig nachkorrigieren.<\/p>\n<\/div>\n","protected":false},"excerpt":{"rendered":"<p>Nackenschmerzen entstehen oft durch kleine Ergonomie-Fehler wie falsche Monitorh\u00f6he oder Abstand. Diese Checkliste zeigt, wie Sie Ihren Arbeitsplatz in 15 Minuten nackenfreundlich einstellen \u2013 inkl. Homeoffice-Quickfixes und Kabelmanagement.<\/p>\n","protected":false},"author":2,"featured_media":4099,"comment_status":"closed","ping_status":"open","sticky":false,"template":"","format":"standard","meta":{"_acf_changed":false,"footnotes":""},"categories":[1],"tags":[],"class_list":["post-5480","post","type-post","status-publish","format-standard","has-post-thumbnail","hentry","category-allgemein"],"acf":[],"contentshake_article_id":"","yoast_head":"<!-- This site is optimized with the Yoast SEO plugin v26.7 - https:\/\/yoast.com\/wordpress\/plugins\/seo\/ -->\n<title>Nackenschmerzen im B\u00fcro: Arbeitsplatz in 15 Minuten optimieren - boho office\u00ae<\/title>\n<meta name=\"description\" content=\"Elektrisch h\u00f6henverstellbare Schreibtische, B\u00fcrost\u00fchle &amp; B\u00fcrom\u00f6bel bei boho office\u00ae. T\u00dcV-gepr\u00fcft, Made in Germany.\" \/>\n<meta name=\"robots\" content=\"index, follow, max-snippet:-1, max-image-preview:large, max-video-preview:-1\" \/>\n<link rel=\"canonical\" href=\"https:\/\/www.boho-moebel.de\/blog\/nackenschmerzen-im-buero-arbeitsplatz-in-15-minuten-optimieren-2\" \/>\n<meta property=\"og:locale\" content=\"de_DE\" \/>\n<meta property=\"og:type\" content=\"article\" \/>\n<meta property=\"og:title\" content=\"Nackenschmerzen im B\u00fcro: Arbeitsplatz in 15 Minuten optimieren - boho office\u00ae\" \/>\n<meta property=\"og:description\" content=\"Elektrisch h\u00f6henverstellbare Schreibtische, B\u00fcrost\u00fchle &amp; B\u00fcrom\u00f6bel bei boho office\u00ae. T\u00dcV-gepr\u00fcft, Made in Germany.\" \/>\n<meta property=\"og:url\" content=\"https:\/\/www.boho-moebel.de\/blog\/nackenschmerzen-im-buero-arbeitsplatz-in-15-minuten-optimieren-2\" \/>\n<meta property=\"og:site_name\" content=\"boho office\u00ae\" \/>\n<meta property=\"article:published_time\" content=\"2026-05-01T07:00:00+00:00\" \/>\n<meta property=\"og:image\" content=\"https:\/\/www.boho-moebel.de\/blog\/wp-content\/uploads\/header_stenose_01.jpg\" \/>\n\t<meta property=\"og:image:width\" content=\"1800\" \/>\n\t<meta property=\"og:image:height\" content=\"700\" \/>\n\t<meta property=\"og:image:type\" content=\"image\/jpeg\" \/>\n<meta name=\"author\" content=\"Jonas Sommer\" \/>\n<meta name=\"twitter:card\" content=\"summary_large_image\" \/>\n<meta name=\"twitter:label1\" content=\"Verfasst von\" \/>\n\t<meta name=\"twitter:data1\" content=\"Jonas Sommer\" \/>\n\t<meta name=\"twitter:label2\" content=\"Gesch\u00e4tzte Lesezeit\" \/>\n\t<meta name=\"twitter:data2\" content=\"12\u00a0Minuten\" \/>\n<script type=\"application\/ld+json\" class=\"yoast-schema-graph\">{\"@context\":\"https:\/\/schema.org\",\"@graph\":[{\"@type\":\"Article\",\"@id\":\"https:\/\/www.boho-moebel.de\/blog\/nackenschmerzen-im-buero-arbeitsplatz-in-15-minuten-optimieren-2#article\",\"isPartOf\":{\"@id\":\"https:\/\/www.boho-moebel.de\/blog\/nackenschmerzen-im-buero-arbeitsplatz-in-15-minuten-optimieren-2\"},\"author\":{\"name\":\"Jonas Sommer\",\"@id\":\"https:\/\/www.boho-moebel.de\/blog\/#\/schema\/person\/17e748d9a472f27f76cdff1a41878165\"},\"headline\":\"Nackenschmerzen im B\u00fcro: Arbeitsplatz in 15 Minuten optimieren\",\"datePublished\":\"2026-05-01T07:00:00+00:00\",\"mainEntityOfPage\":{\"@id\":\"https:\/\/www.boho-moebel.de\/blog\/nackenschmerzen-im-buero-arbeitsplatz-in-15-minuten-optimieren-2\"},\"wordCount\":2152,\"image\":{\"@id\":\"https:\/\/www.boho-moebel.de\/blog\/nackenschmerzen-im-buero-arbeitsplatz-in-15-minuten-optimieren-2#primaryimage\"},\"thumbnailUrl\":\"https:\/\/www.boho-moebel.de\/blog\/wp-content\/uploads\/header_stenose_01.jpg\",\"inLanguage\":\"de\"},{\"@type\":\"WebPage\",\"@id\":\"https:\/\/www.boho-moebel.de\/blog\/nackenschmerzen-im-buero-arbeitsplatz-in-15-minuten-optimieren-2\",\"url\":\"https:\/\/www.boho-moebel.de\/blog\/nackenschmerzen-im-buero-arbeitsplatz-in-15-minuten-optimieren-2\",\"name\":\"Nackenschmerzen im B\u00fcro: Arbeitsplatz in 15 Minuten optimieren - boho office\u00ae\",\"isPartOf\":{\"@id\":\"https:\/\/www.boho-moebel.de\/blog\/#website\"},\"primaryImageOfPage\":{\"@id\":\"https:\/\/www.boho-moebel.de\/blog\/nackenschmerzen-im-buero-arbeitsplatz-in-15-minuten-optimieren-2#primaryimage\"},\"image\":{\"@id\":\"https:\/\/www.boho-moebel.de\/blog\/nackenschmerzen-im-buero-arbeitsplatz-in-15-minuten-optimieren-2#primaryimage\"},\"thumbnailUrl\":\"https:\/\/www.boho-moebel.de\/blog\/wp-content\/uploads\/header_stenose_01.jpg\",\"datePublished\":\"2026-05-01T07:00:00+00:00\",\"author\":{\"@id\":\"https:\/\/www.boho-moebel.de\/blog\/#\/schema\/person\/17e748d9a472f27f76cdff1a41878165\"},\"description\":\"Elektrisch h\u00f6henverstellbare Schreibtische, B\u00fcrost\u00fchle & B\u00fcrom\u00f6bel bei boho office\u00ae. T\u00dcV-gepr\u00fcft, Made in Germany.\",\"breadcrumb\":{\"@id\":\"https:\/\/www.boho-moebel.de\/blog\/nackenschmerzen-im-buero-arbeitsplatz-in-15-minuten-optimieren-2#breadcrumb\"},\"inLanguage\":\"de\",\"potentialAction\":[{\"@type\":\"ReadAction\",\"target\":[\"https:\/\/www.boho-moebel.de\/blog\/nackenschmerzen-im-buero-arbeitsplatz-in-15-minuten-optimieren-2\"]}]},{\"@type\":\"ImageObject\",\"inLanguage\":\"de\",\"@id\":\"https:\/\/www.boho-moebel.de\/blog\/nackenschmerzen-im-buero-arbeitsplatz-in-15-minuten-optimieren-2#primaryimage\",\"url\":\"https:\/\/www.boho-moebel.de\/blog\/wp-content\/uploads\/header_stenose_01.jpg\",\"contentUrl\":\"https:\/\/www.boho-moebel.de\/blog\/wp-content\/uploads\/header_stenose_01.jpg\",\"width\":1800,\"height\":700,\"caption\":\"Was ist eine Spinalkanalstenose?\"},{\"@type\":\"BreadcrumbList\",\"@id\":\"https:\/\/www.boho-moebel.de\/blog\/nackenschmerzen-im-buero-arbeitsplatz-in-15-minuten-optimieren-2#breadcrumb\",\"itemListElement\":[{\"@type\":\"ListItem\",\"position\":1,\"name\":\"Startseite\",\"item\":\"https:\/\/www.boho-moebel.de\/blog\"},{\"@type\":\"ListItem\",\"position\":2,\"name\":\"Nackenschmerzen im B\u00fcro: Arbeitsplatz in 15 Minuten optimieren\"}]},{\"@type\":\"WebSite\",\"@id\":\"https:\/\/www.boho-moebel.de\/blog\/#website\",\"url\":\"https:\/\/www.boho-moebel.de\/blog\/\",\"name\":\"boho office\u00ae\",\"description\":\"Magazin f\u00fcr B\u00fcro, Office, Arbeit\",\"potentialAction\":[{\"@type\":\"SearchAction\",\"target\":{\"@type\":\"EntryPoint\",\"urlTemplate\":\"https:\/\/www.boho-moebel.de\/blog\/?s={search_term_string}\"},\"query-input\":{\"@type\":\"PropertyValueSpecification\",\"valueRequired\":true,\"valueName\":\"search_term_string\"}}],\"inLanguage\":\"de\"},{\"@type\":\"Person\",\"@id\":\"https:\/\/www.boho-moebel.de\/blog\/#\/schema\/person\/17e748d9a472f27f76cdff1a41878165\",\"name\":\"Jonas Sommer\",\"image\":{\"@type\":\"ImageObject\",\"inLanguage\":\"de\",\"@id\":\"https:\/\/www.boho-moebel.de\/blog\/#\/schema\/person\/image\/\",\"url\":\"https:\/\/secure.gravatar.com\/avatar\/7e0ce621b6b32b69974d49b595ffa090a9b4c780f93524d1742482534575a121?s=96&d=mm&r=g\",\"contentUrl\":\"https:\/\/secure.gravatar.com\/avatar\/7e0ce621b6b32b69974d49b595ffa090a9b4c780f93524d1742482534575a121?s=96&d=mm&r=g\",\"caption\":\"Jonas Sommer\"},\"sameAs\":[\"https:\/\/www.boho-moebel.de\"],\"url\":\"https:\/\/www.boho-moebel.de\/blog\/author\/henrik\"}]}<\/script>\n<!-- \/ Yoast SEO plugin. -->","yoast_head_json":{"title":"Nackenschmerzen im B\u00fcro: Arbeitsplatz in 15 Minuten optimieren - boho office\u00ae","description":"Elektrisch h\u00f6henverstellbare Schreibtische, B\u00fcrost\u00fchle & B\u00fcrom\u00f6bel bei boho office\u00ae. T\u00dcV-gepr\u00fcft, Made in Germany.","robots":{"index":"index","follow":"follow","max-snippet":"max-snippet:-1","max-image-preview":"max-image-preview:large","max-video-preview":"max-video-preview:-1"},"canonical":"https:\/\/www.boho-moebel.de\/blog\/nackenschmerzen-im-buero-arbeitsplatz-in-15-minuten-optimieren-2","og_locale":"de_DE","og_type":"article","og_title":"Nackenschmerzen im B\u00fcro: Arbeitsplatz in 15 Minuten optimieren - boho office\u00ae","og_description":"Elektrisch h\u00f6henverstellbare Schreibtische, B\u00fcrost\u00fchle & B\u00fcrom\u00f6bel bei boho office\u00ae. T\u00dcV-gepr\u00fcft, Made in Germany.","og_url":"https:\/\/www.boho-moebel.de\/blog\/nackenschmerzen-im-buero-arbeitsplatz-in-15-minuten-optimieren-2","og_site_name":"boho office\u00ae","article_published_time":"2026-05-01T07:00:00+00:00","og_image":[{"width":1800,"height":700,"url":"https:\/\/www.boho-moebel.de\/blog\/wp-content\/uploads\/header_stenose_01.jpg","type":"image\/jpeg"}],"author":"Jonas Sommer","twitter_card":"summary_large_image","twitter_misc":{"Verfasst von":"Jonas Sommer","Gesch\u00e4tzte Lesezeit":"12\u00a0Minuten"},"schema":{"@context":"https:\/\/schema.org","@graph":[{"@type":"Article","@id":"https:\/\/www.boho-moebel.de\/blog\/nackenschmerzen-im-buero-arbeitsplatz-in-15-minuten-optimieren-2#article","isPartOf":{"@id":"https:\/\/www.boho-moebel.de\/blog\/nackenschmerzen-im-buero-arbeitsplatz-in-15-minuten-optimieren-2"},"author":{"name":"Jonas Sommer","@id":"https:\/\/www.boho-moebel.de\/blog\/#\/schema\/person\/17e748d9a472f27f76cdff1a41878165"},"headline":"Nackenschmerzen im B\u00fcro: Arbeitsplatz in 15 Minuten optimieren","datePublished":"2026-05-01T07:00:00+00:00","mainEntityOfPage":{"@id":"https:\/\/www.boho-moebel.de\/blog\/nackenschmerzen-im-buero-arbeitsplatz-in-15-minuten-optimieren-2"},"wordCount":2152,"image":{"@id":"https:\/\/www.boho-moebel.de\/blog\/nackenschmerzen-im-buero-arbeitsplatz-in-15-minuten-optimieren-2#primaryimage"},"thumbnailUrl":"https:\/\/www.boho-moebel.de\/blog\/wp-content\/uploads\/header_stenose_01.jpg","inLanguage":"de"},{"@type":"WebPage","@id":"https:\/\/www.boho-moebel.de\/blog\/nackenschmerzen-im-buero-arbeitsplatz-in-15-minuten-optimieren-2","url":"https:\/\/www.boho-moebel.de\/blog\/nackenschmerzen-im-buero-arbeitsplatz-in-15-minuten-optimieren-2","name":"Nackenschmerzen im B\u00fcro: Arbeitsplatz in 15 Minuten optimieren - boho office\u00ae","isPartOf":{"@id":"https:\/\/www.boho-moebel.de\/blog\/#website"},"primaryImageOfPage":{"@id":"https:\/\/www.boho-moebel.de\/blog\/nackenschmerzen-im-buero-arbeitsplatz-in-15-minuten-optimieren-2#primaryimage"},"image":{"@id":"https:\/\/www.boho-moebel.de\/blog\/nackenschmerzen-im-buero-arbeitsplatz-in-15-minuten-optimieren-2#primaryimage"},"thumbnailUrl":"https:\/\/www.boho-moebel.de\/blog\/wp-content\/uploads\/header_stenose_01.jpg","datePublished":"2026-05-01T07:00:00+00:00","author":{"@id":"https:\/\/www.boho-moebel.de\/blog\/#\/schema\/person\/17e748d9a472f27f76cdff1a41878165"},"description":"Elektrisch h\u00f6henverstellbare Schreibtische, B\u00fcrost\u00fchle & B\u00fcrom\u00f6bel bei boho office\u00ae. T\u00dcV-gepr\u00fcft, Made in Germany.","breadcrumb":{"@id":"https:\/\/www.boho-moebel.de\/blog\/nackenschmerzen-im-buero-arbeitsplatz-in-15-minuten-optimieren-2#breadcrumb"},"inLanguage":"de","potentialAction":[{"@type":"ReadAction","target":["https:\/\/www.boho-moebel.de\/blog\/nackenschmerzen-im-buero-arbeitsplatz-in-15-minuten-optimieren-2"]}]},{"@type":"ImageObject","inLanguage":"de","@id":"https:\/\/www.boho-moebel.de\/blog\/nackenschmerzen-im-buero-arbeitsplatz-in-15-minuten-optimieren-2#primaryimage","url":"https:\/\/www.boho-moebel.de\/blog\/wp-content\/uploads\/header_stenose_01.jpg","contentUrl":"https:\/\/www.boho-moebel.de\/blog\/wp-content\/uploads\/header_stenose_01.jpg","width":1800,"height":700,"caption":"Was ist eine Spinalkanalstenose?"},{"@type":"BreadcrumbList","@id":"https:\/\/www.boho-moebel.de\/blog\/nackenschmerzen-im-buero-arbeitsplatz-in-15-minuten-optimieren-2#breadcrumb","itemListElement":[{"@type":"ListItem","position":1,"name":"Startseite","item":"https:\/\/www.boho-moebel.de\/blog"},{"@type":"ListItem","position":2,"name":"Nackenschmerzen im B\u00fcro: Arbeitsplatz in 15 Minuten optimieren"}]},{"@type":"WebSite","@id":"https:\/\/www.boho-moebel.de\/blog\/#website","url":"https:\/\/www.boho-moebel.de\/blog\/","name":"boho office\u00ae","description":"Magazin f\u00fcr B\u00fcro, Office, Arbeit","potentialAction":[{"@type":"SearchAction","target":{"@type":"EntryPoint","urlTemplate":"https:\/\/www.boho-moebel.de\/blog\/?s={search_term_string}"},"query-input":{"@type":"PropertyValueSpecification","valueRequired":true,"valueName":"search_term_string"}}],"inLanguage":"de"},{"@type":"Person","@id":"https:\/\/www.boho-moebel.de\/blog\/#\/schema\/person\/17e748d9a472f27f76cdff1a41878165","name":"Jonas Sommer","image":{"@type":"ImageObject","inLanguage":"de","@id":"https:\/\/www.boho-moebel.de\/blog\/#\/schema\/person\/image\/","url":"https:\/\/secure.gravatar.com\/avatar\/7e0ce621b6b32b69974d49b595ffa090a9b4c780f93524d1742482534575a121?s=96&d=mm&r=g","contentUrl":"https:\/\/secure.gravatar.com\/avatar\/7e0ce621b6b32b69974d49b595ffa090a9b4c780f93524d1742482534575a121?s=96&d=mm&r=g","caption":"Jonas Sommer"},"sameAs":["https:\/\/www.boho-moebel.de"],"url":"https:\/\/www.boho-moebel.de\/blog\/author\/henrik"}]}},"_links":{"self":[{"href":"https:\/\/www.boho-moebel.de\/blog\/wp-json\/wp\/v2\/posts\/5480","targetHints":{"allow":["GET"]}}],"collection":[{"href":"https:\/\/www.boho-moebel.de\/blog\/wp-json\/wp\/v2\/posts"}],"about":[{"href":"https:\/\/www.boho-moebel.de\/blog\/wp-json\/wp\/v2\/types\/post"}],"author":[{"embeddable":true,"href":"https:\/\/www.boho-moebel.de\/blog\/wp-json\/wp\/v2\/users\/2"}],"replies":[{"embeddable":true,"href":"https:\/\/www.boho-moebel.de\/blog\/wp-json\/wp\/v2\/comments?post=5480"}],"version-history":[{"count":3,"href":"https:\/\/www.boho-moebel.de\/blog\/wp-json\/wp\/v2\/posts\/5480\/revisions"}],"predecessor-version":[{"id":5493,"href":"https:\/\/www.boho-moebel.de\/blog\/wp-json\/wp\/v2\/posts\/5480\/revisions\/5493"}],"wp:featuredmedia":[{"embeddable":true,"href":"https:\/\/www.boho-moebel.de\/blog\/wp-json\/wp\/v2\/media\/4099"}],"wp:attachment":[{"href":"https:\/\/www.boho-moebel.de\/blog\/wp-json\/wp\/v2\/media?parent=5480"}],"wp:term":[{"taxonomy":"category","embeddable":true,"href":"https:\/\/www.boho-moebel.de\/blog\/wp-json\/wp\/v2\/categories?post=5480"},{"taxonomy":"post_tag","embeddable":true,"href":"https:\/\/www.boho-moebel.de\/blog\/wp-json\/wp\/v2\/tags?post=5480"}],"curies":[{"name":"wp","href":"https:\/\/api.w.org\/{rel}","templated":true}]}}